{"id":20108,"date":"2022-01-24T20:20:20","date_gmt":"2022-01-24T23:20:20","guid":{"rendered":"http:\/\/www.fumssar.com.br\/?p=20108"},"modified":"2024-10-07T16:33:40","modified_gmt":"2024-10-07T19:33:40","slug":"santa-rosa-comeca-a-vacinar-criancas-de-10-a-11-anos-contra-a-covid-19","status":"publish","type":"post","link":"https:\/\/www.fumssar.com.br\/?p=20108","title":{"rendered":"Santa Rosa come\u00e7a a vacinar crian\u00e7as de 10 a 11 anos contra a COVID-19"},"content":{"rendered":"\n<figure class=\"wp-block-image\"><img loading=\"lazy\" decoding=\"async\" width=\"1024\" height=\"768\" src=\"https:\/\/www.fumssar.com.br\/wp-content\/uploads\/2022\/01\/IMG-20220124-WA0039-1024x768.jpg\" alt=\"\" class=\"wp-image-20109\" srcset=\"https:\/\/www.fumssar.com.br\/wp-content\/uploads\/2022\/01\/IMG-20220124-WA0039-1024x768.jpg 1024w, https:\/\/www.fumssar.com.br\/wp-content\/uploads\/2022\/01\/IMG-20220124-WA0039-300x225.jpg 300w, https:\/\/www.fumssar.com.br\/wp-content\/uploads\/2022\/01\/IMG-20220124-WA0039-768x576.jpg 768w, https:\/\/www.fumssar.com.br\/wp-content\/uploads\/2022\/01\/IMG-20220124-WA0039.jpg 1280w\" sizes=\"(max-width: 1024px) 100vw, 1024px\" \/><\/figure>\n\n\n\n<p>A Funda\u00e7\u00e3o Municipal de Sa\u00fade de Santa Rosa informa que a partir de ter\u00e7a-feira (25) vai ser ampliada a vacina\u00e7\u00e3o contra a COVID-19 para crian\u00e7as. V\u00e3o poder realizar a primeira dose, por faixa et\u00e1ria, crian\u00e7as de 10 a 11 anos. Al\u00e9m disso, segue sendo realizada a imuniza\u00e7\u00e3o para crian\u00e7as com comorbidades, dos 05 aos 11 anos. As doses v\u00e3o ser aplicadas em todas as Unidades B\u00e1sicas de Sa\u00fade, no turno da tarde, de segunda \u00e0 sexta-feira, das 13h30 \u00e0s 17h30. Para realizar a aplica\u00e7\u00e3o \u00e9 necess\u00e1rio agendar um hor\u00e1rio na UBS de origem. As crian\u00e7as que forem se vacinar precisam levar junto certid\u00e3o de nascimento, cart\u00e3o SUS e a caderneta de vacina\u00e7\u00e3o.<\/p>\n\n\n\n<p>A Central de Vacinas da FUMSSAR segue realizando a aplica\u00e7\u00e3o de todas as doses: dose um (D1), dose dois (D2) e a dose de refor\u00e7o (DR). O hor\u00e1rio para a vacina\u00e7\u00e3o vai ser ampliado at\u00e9 sexta-feira (28). O atendimento vai acontecer das 07h30 \u00e0s 11h e das 13h30 \u00e0s 19h30. N\u00e3o \u00e9 necess\u00e1rio realizar agendamento. O atendimento acontece por ordem de chegada.  A Central de Vacinas fica localizada na Rua Dr. Francisco Timm, 480 &#8211; centro, no subsolo (entrada pela lateral). <\/p>\n\n\n\n<p>As primeiras doses (D1) s\u00e3o aplicadas por faixa et\u00e1ria, para pessoas a partir dos 12 anos. As segundas doses (D2) de Coronavac s\u00e3o realizadas ap\u00f3s 28 dias da primeira dose. Astrazeneca e Pfizer, ap\u00f3s oito semanas da primeira aplica\u00e7\u00e3o. As doses de refor\u00e7o (DR) est\u00e3o dispon\u00edveis para pessoas acima de 18 anos que realizaram a segunda dose h\u00e1 04 meses. No caso do imunizante da Janssen, a Dose de Refor\u00e7o \u00e9 realizada com um intervalo de 2 a 6 meses ap\u00f3s a primeira dose. <\/p>\n\n\n\n<p>Os moradores de Santa Rosa que forem se vacinar precisam levar documento com foto, CPF, cart\u00e3o SUS e a caderneta de vacina\u00e7\u00e3o. Os jovens, dos 05 aos 12 anos, precisam ir acompanhados dos pais ou respons\u00e1vel legal. A lista com as comorbidades elencadas pelo Minist\u00e9rio da Sa\u00fade pode ser acessada no site da FUMSSAR ou nas p\u00e1ginas da Prefeitura de Santa Rosa.<\/p>\n\n\n\n<p>TESTES COVID-19<\/p>\n\n\n\n<p>Est\u00e1 prevista para essa semana, a chegada de uma nova remessa de testes  para COVID-19(Estado). A testagem est\u00e1 sendo realizada na Sentinela do Centro que fica localizada na Rua Buenos Aires, 40 \u2013 centro ou nas Unidades B\u00e1sicas de Sa\u00fade, ap\u00f3s passar pelo acolhimento. O teste deve ser realizado somente por pessoas que estejam com sintomas da doen\u00e7a. O indicado \u00e9 fazer a testagem a partir do 3\u00ba dia com sintomas. N\u00e3o \u00e9 necess\u00e1rio realizar o agendamento. <\/p>\n\n\n\n<p>O atendimento acontece por ordem de chegada. Devido a demanda, a quantidade di\u00e1ria de testes \u00e9 limitada. As pessoas que forem realizar a testagem precisam levar documento com foto, CPF e o cart\u00e3o SUS.<\/p>\n","protected":false},"excerpt":{"rendered":"<p>A Funda\u00e7\u00e3o Municipal de Sa\u00fade de Santa Rosa informa que a partir de ter\u00e7a-feira (25)&#8230;<\/p>\n","protected":false},"author":36,"featured_media":20109,"comment_status":"closed","ping_status":"closed","sticky":false,"template":"","format":"standard","meta":{"footnotes":""},"categories":[152,2],"tags":[],"_links":{"self":[{"href":"https:\/\/www.fumssar.com.br\/index.php?rest_route=\/wp\/v2\/posts\/20108"}],"collection":[{"href":"https:\/\/www.fumssar.com.br\/index.php?rest_route=\/wp\/v2\/posts"}],"about":[{"href":"https:\/\/www.fumssar.com.br\/index.php?rest_route=\/wp\/v2\/types\/post"}],"author":[{"embeddable":true,"href":"https:\/\/www.fumssar.com.br\/index.php?rest_route=\/wp\/v2\/users\/36"}],"replies":[{"embeddable":true,"href":"https:\/\/www.fumssar.com.br\/index.php?rest_route=%2Fwp%2Fv2%2Fcomments&post=20108"}],"version-history":[{"count":1,"href":"https:\/\/www.fumssar.com.br\/index.php?rest_route=\/wp\/v2\/posts\/20108\/revisions"}],"predecessor-version":[{"id":20110,"href":"https:\/\/www.fumssar.com.br\/index.php?rest_route=\/wp\/v2\/posts\/20108\/revisions\/20110"}],"wp:featuredmedia":[{"embeddable":true,"href":"https:\/\/www.fumssar.com.br\/index.php?rest_route=\/wp\/v2\/media\/20109"}],"wp:attachment":[{"href":"https:\/\/www.fumssar.com.br\/index.php?rest_route=%2Fwp%2Fv2%2Fmedia&parent=20108"}],"wp:term":[{"taxonomy":"category","embeddable":true,"href":"https:\/\/www.fumssar.com.br\/index.php?rest_route=%2Fwp%2Fv2%2Fcategories&post=20108"},{"taxonomy":"post_tag","embeddable":true,"href":"https:\/\/www.fumssar.com.br\/index.php?rest_route=%2Fwp%2Fv2%2Ftags&post=20108"}],"curies":[{"name":"wp","href":"https:\/\/api.w.org\/{rel}","templated":true}]}}