{"id":20081,"date":"2022-01-19T16:45:56","date_gmt":"2022-01-19T19:45:56","guid":{"rendered":"http:\/\/www.fumssar.com.br\/?p=20081"},"modified":"2024-10-07T16:33:41","modified_gmt":"2024-10-07T19:33:41","slug":"primeira-crianca-e-vacinada-contra-a-covid-19-em-santa-rosa","status":"publish","type":"post","link":"https:\/\/www.fumssar.com.br\/?p=20081","title":{"rendered":"Primeira crian\u00e7a \u00e9 vacinada contra a COVID-19 em Santa Rosa"},"content":{"rendered":"\n<figure class=\"wp-block-image\"><img loading=\"lazy\" decoding=\"async\" width=\"1024\" height=\"768\" src=\"https:\/\/www.fumssar.com.br\/wp-content\/uploads\/2022\/01\/WhatsApp-Image-2022-01-19-at-16.16.42-1024x768.jpeg\" alt=\"\" class=\"wp-image-20082\" srcset=\"https:\/\/www.fumssar.com.br\/wp-content\/uploads\/2022\/01\/WhatsApp-Image-2022-01-19-at-16.16.42-1024x768.jpeg 1024w, https:\/\/www.fumssar.com.br\/wp-content\/uploads\/2022\/01\/WhatsApp-Image-2022-01-19-at-16.16.42-300x225.jpeg 300w, https:\/\/www.fumssar.com.br\/wp-content\/uploads\/2022\/01\/WhatsApp-Image-2022-01-19-at-16.16.42-768x576.jpeg 768w, https:\/\/www.fumssar.com.br\/wp-content\/uploads\/2022\/01\/WhatsApp-Image-2022-01-19-at-16.16.42.jpeg 1156w\" sizes=\"(max-width: 1024px) 100vw, 1024px\" \/><\/figure>\n\n\n\n<p>Cau\u00e3 Henrique Lorenz, 09 anos foi a primeira crian\u00e7a a ser vacinada contra a COVID-19 em Santa Rosa. A vacina\u00e7\u00e3o aconteceu nesta quarta-feira (19), na Unidade B\u00e1sica de Sa\u00fade Balne\u00e1ria. A FUMSSAR anunciou esta semana, o in\u00edcio da vacina\u00e7\u00e3o para crian\u00e7as dos 05 aos 11 anos com comorbidades. As doses est\u00e3o sendo realizadas em todas as UBS mediante o agendamento pr\u00e9vio por telefone ou presencial.<\/p>\n\n\n\n<p>A m\u00e3e do menino Cau\u00e3, Berenice Lorenz, dona de casa falou sobre a import\u00e2ncia desse momento para o filho, &#8220;N\u00f3s est\u00e1vamos aguardando esse momento chegar. O Cau\u00e3 tem muitos problemas de sa\u00fade e assim como para n\u00f3s adultos \u00e9 importante a imuniza\u00e7\u00e3o, para as crian\u00e7as \u00e9 da mesma forma. Agora vacinado ele vai estar mais protegido e ao mesmo tempo vai estar protegendo outros ao seu redor&#8221;. As crian\u00e7as que forem se vacinar precisam ir acompanhadas dos pais ou respons\u00e1veis e levar junto certid\u00e3o de nascimento, cart\u00e3o SUS e a caderneta de vacina\u00e7\u00e3o.<\/p>\n\n\n\n<p>O Minist\u00e9rio da Sa\u00fade \u00e9 o respons\u00e1vel por definir a lista das comorbidades, s\u00e3o elas: Insufici\u00eancia card\u00edaca; Cor-pulmonale e hipertens\u00e3o pulmonar; Cardiopatia hipertensiva; S\u00edndromes coronarianas; Valvopatias; Miocardiopatias e pericardiopatias; Doen\u00e7as da aorta, grandes vasos e f\u00edstulas arteriovenosas; Arritmias card\u00edacas; Cardiopatias cong\u00eanitas; Pr\u00f3teses e implantes card\u00edacos; Talassemia; S\u00edndrome de Down; Diabetes mellitus; Pneumopatias cr\u00f4nicas graves; Hipertens\u00e3o arterial resistente e de art\u00e9ria est\u00e1gio 3; Hipertens\u00e3o est\u00e1gios 1 e 2 com les\u00e3o e \u00f3rg\u00e3o alvo; Doen\u00e7a cerebrovascular; Doen\u00e7a renal cr\u00f4nica; Imunossuprimidos (incluindo pacientes oncol\u00f3gicos); Anemia falciforme; Obesidade m\u00f3rbida; Cirrose hep\u00e1tica e HIV.<\/p>\n","protected":false},"excerpt":{"rendered":"<p>Cau\u00e3 Henrique Lorenz, 09 anos foi a primeira crian\u00e7a a ser vacinada contra a COVID-19&#8230;<\/p>\n","protected":false},"author":36,"featured_media":20082,"comment_status":"closed","ping_status":"closed","sticky":false,"template":"","format":"standard","meta":{"footnotes":""},"categories":[152,2],"tags":[],"_links":{"self":[{"href":"https:\/\/www.fumssar.com.br\/index.php?rest_route=\/wp\/v2\/posts\/20081"}],"collection":[{"href":"https:\/\/www.fumssar.com.br\/index.php?rest_route=\/wp\/v2\/posts"}],"about":[{"href":"https:\/\/www.fumssar.com.br\/index.php?rest_route=\/wp\/v2\/types\/post"}],"author":[{"embeddable":true,"href":"https:\/\/www.fumssar.com.br\/index.php?rest_route=\/wp\/v2\/users\/36"}],"replies":[{"embeddable":true,"href":"https:\/\/www.fumssar.com.br\/index.php?rest_route=%2Fwp%2Fv2%2Fcomments&post=20081"}],"version-history":[{"count":1,"href":"https:\/\/www.fumssar.com.br\/index.php?rest_route=\/wp\/v2\/posts\/20081\/revisions"}],"predecessor-version":[{"id":20083,"href":"https:\/\/www.fumssar.com.br\/index.php?rest_route=\/wp\/v2\/posts\/20081\/revisions\/20083"}],"wp:featuredmedia":[{"embeddable":true,"href":"https:\/\/www.fumssar.com.br\/index.php?rest_route=\/wp\/v2\/media\/20082"}],"wp:attachment":[{"href":"https:\/\/www.fumssar.com.br\/index.php?rest_route=%2Fwp%2Fv2%2Fmedia&parent=20081"}],"wp:term":[{"taxonomy":"category","embeddable":true,"href":"https:\/\/www.fumssar.com.br\/index.php?rest_route=%2Fwp%2Fv2%2Fcategories&post=20081"},{"taxonomy":"post_tag","embeddable":true,"href":"https:\/\/www.fumssar.com.br\/index.php?rest_route=%2Fwp%2Fv2%2Ftags&post=20081"}],"curies":[{"name":"wp","href":"https:\/\/api.w.org\/{rel}","templated":true}]}}