{"id":20069,"date":"2022-01-18T09:40:35","date_gmt":"2022-01-18T12:40:35","guid":{"rendered":"http:\/\/www.fumssar.com.br\/?p=20069"},"modified":"2024-10-07T16:33:41","modified_gmt":"2024-10-07T19:33:41","slug":"vacinacao-contra-a-covid-19-para-criancas-com-comorbidades","status":"publish","type":"post","link":"https:\/\/www.fumssar.com.br\/?p=20069","title":{"rendered":"Vacina\u00e7\u00e3o contra a COVID-19 para crian\u00e7as com comorbidades"},"content":{"rendered":"\n<figure class=\"wp-block-image\"><img loading=\"lazy\" decoding=\"async\" width=\"1024\" height=\"1024\" src=\"https:\/\/www.fumssar.com.br\/wp-content\/uploads\/2022\/01\/Protect-Againts-Covid-Instagram-Post-1024x1024.png\" alt=\"\" class=\"wp-image-20070\" srcset=\"https:\/\/www.fumssar.com.br\/wp-content\/uploads\/2022\/01\/Protect-Againts-Covid-Instagram-Post-1024x1024.png 1024w, https:\/\/www.fumssar.com.br\/wp-content\/uploads\/2022\/01\/Protect-Againts-Covid-Instagram-Post-150x150.png 150w, https:\/\/www.fumssar.com.br\/wp-content\/uploads\/2022\/01\/Protect-Againts-Covid-Instagram-Post-300x300.png 300w, https:\/\/www.fumssar.com.br\/wp-content\/uploads\/2022\/01\/Protect-Againts-Covid-Instagram-Post-768x768.png 768w, https:\/\/www.fumssar.com.br\/wp-content\/uploads\/2022\/01\/Protect-Againts-Covid-Instagram-Post.png 1080w\" sizes=\"(max-width: 1024px) 100vw, 1024px\" \/><\/figure>\n\n\n\n<p>A Funda\u00e7\u00e3o Municipal de Sa\u00fade de Santa Rosa informa que a partir de quarta-feira (19), no turno da tarde, vai iniciar a vacina\u00e7\u00e3o contra a COVID-19 para crian\u00e7as com comorbidades. As doses v\u00e3o ser aplicadas em crian\u00e7as de 05 a 11 anos, acompanhadas dos pais ou respons\u00e1veis. A imuniza\u00e7\u00e3o acontece em todas as Unidades B\u00e1sicas de Sa\u00fade, no turno da tarde, de segunda \u00e0 sexta-feira, das 13h30 \u00e0s 17h30.<\/p>\n\n\n\n<p>Para realizar a aplica\u00e7\u00e3o \u00e9 necess\u00e1rio agendar um hor\u00e1rio na UBS de origem. O atendimento acontece mediante agendamento pr\u00e9vio por telefone ou presencial. A lista das comorbidades \u00e9 definida pelo Minist\u00e9rio da Sa\u00fade, s\u00e3o elas: Insufici\u00eancia card\u00edaca; Cor-pulmonale e hipertens\u00e3o pulmonar; Cardiopatia hipertensiva; S\u00edndromes coronarianas; Valvopatias; Miocardiopatias e pericardiopatias; Doen\u00e7as da aorta, grandes vasos e f\u00edstulas arteriovenosas; Arritmias card\u00edacas; Cardiopatias cong\u00eanitas; Pr\u00f3teses e implantes card\u00edacos; Talassemia; S\u00edndrome de Down; Diabetes mellitus; Pneumopatias cr\u00f4nicas graves; Hipertens\u00e3o arterial resistente e de art\u00e9ria est\u00e1gio 3; Hipertens\u00e3o est\u00e1gios 1 e 2 com les\u00e3o e \u00f3rg\u00e3o alvo; Doen\u00e7a cerebrovascular; Doen\u00e7a renal cr\u00f4nica; Imunossuprimidos (incluindo pacientes oncol\u00f3gicos); Anemia falciforme; Obesidade m\u00f3rbida; Cirrose hep\u00e1tica e HIV. <br><br>As crian\u00e7as que forem se vacinar precisam levar junto certid\u00e3o de nascimento, cart\u00e3o SUS e a caderneta de vacina\u00e7\u00e3o.<\/p>\n","protected":false},"excerpt":{"rendered":"<p>A Funda\u00e7\u00e3o Municipal de Sa\u00fade de Santa Rosa informa que a partir de quarta-feira (19),&#8230;<\/p>\n","protected":false},"author":36,"featured_media":20070,"comment_status":"closed","ping_status":"closed","sticky":false,"template":"","format":"standard","meta":{"footnotes":""},"categories":[152,2],"tags":[],"_links":{"self":[{"href":"https:\/\/www.fumssar.com.br\/index.php?rest_route=\/wp\/v2\/posts\/20069"}],"collection":[{"href":"https:\/\/www.fumssar.com.br\/index.php?rest_route=\/wp\/v2\/posts"}],"about":[{"href":"https:\/\/www.fumssar.com.br\/index.php?rest_route=\/wp\/v2\/types\/post"}],"author":[{"embeddable":true,"href":"https:\/\/www.fumssar.com.br\/index.php?rest_route=\/wp\/v2\/users\/36"}],"replies":[{"embeddable":true,"href":"https:\/\/www.fumssar.com.br\/index.php?rest_route=%2Fwp%2Fv2%2Fcomments&post=20069"}],"version-history":[{"count":2,"href":"https:\/\/www.fumssar.com.br\/index.php?rest_route=\/wp\/v2\/posts\/20069\/revisions"}],"predecessor-version":[{"id":20073,"href":"https:\/\/www.fumssar.com.br\/index.php?rest_route=\/wp\/v2\/posts\/20069\/revisions\/20073"}],"wp:featuredmedia":[{"embeddable":true,"href":"https:\/\/www.fumssar.com.br\/index.php?rest_route=\/wp\/v2\/media\/20070"}],"wp:attachment":[{"href":"https:\/\/www.fumssar.com.br\/index.php?rest_route=%2Fwp%2Fv2%2Fmedia&parent=20069"}],"wp:term":[{"taxonomy":"category","embeddable":true,"href":"https:\/\/www.fumssar.com.br\/index.php?rest_route=%2Fwp%2Fv2%2Fcategories&post=20069"},{"taxonomy":"post_tag","embeddable":true,"href":"https:\/\/www.fumssar.com.br\/index.php?rest_route=%2Fwp%2Fv2%2Ftags&post=20069"}],"curies":[{"name":"wp","href":"https:\/\/api.w.org\/{rel}","templated":true}]}}