{"id":20066,"date":"2022-01-17T17:23:20","date_gmt":"2022-01-17T20:23:20","guid":{"rendered":"http:\/\/www.fumssar.com.br\/?p=20066"},"modified":"2024-10-07T16:33:41","modified_gmt":"2024-10-07T19:33:41","slug":"central-de-vacinas-aplicou-3-180-doses-contra-a-covid-19","status":"publish","type":"post","link":"https:\/\/www.fumssar.com.br\/?p=20066","title":{"rendered":"Central de Vacinas aplicou 3.180 doses contra a COVID-19"},"content":{"rendered":"\n<figure class=\"wp-block-image\"><img loading=\"lazy\" decoding=\"async\" width=\"1024\" height=\"768\" src=\"http:\/\/www.fumssar.com.br\/wp-content\/uploads\/2022\/01\/WhatsApp-Image-2022-01-17-at-13.58.52-1024x768.jpeg\" alt=\"\" class=\"wp-image-20067\" srcset=\"https:\/\/www.fumssar.com.br\/wp-content\/uploads\/2022\/01\/WhatsApp-Image-2022-01-17-at-13.58.52.jpeg 1024w, https:\/\/www.fumssar.com.br\/wp-content\/uploads\/2022\/01\/WhatsApp-Image-2022-01-17-at-13.58.52-300x225.jpeg 300w, https:\/\/www.fumssar.com.br\/wp-content\/uploads\/2022\/01\/WhatsApp-Image-2022-01-17-at-13.58.52-768x576.jpeg 768w\" sizes=\"(max-width: 1024px) 100vw, 1024px\" \/><\/figure>\n\n\n\n<p>A Funda\u00e7\u00e3o Municipal de Sa\u00fade de Santa Rosa aplicou na \u00faltima semana, de 10 a 15 de janeiro, 3.180 doses contra a COVID-19. Uma m\u00e9dia de 530 aplica\u00e7\u00f5es por dia. A FUMSSAR informa que na ter\u00e7a-feira (18), v\u00e3o ser aplicadas na Central de Vacinas, somente as doses de refor\u00e7o para as pessoas que fizeram a primeira dose do imunizante da Janssen. A partir de quarta-feira (19), quando a Funda\u00e7\u00e3o deve receber uma nova remessa de vacinas, voltam a ser aplicadas todas as doses: dose um (D1), dose dois (D2) e a dose de refor\u00e7o (DR).\u00a0<br><br>N\u00e3o \u00e9 necess\u00e1rio realizar agendamento. O atendimento acontece por ordem de chegada. A Central de Vacinas da FUMSSAR fica localizada na Rua Dr. Francisco Timm, 480 \u2013 centro, no subsolo (entrada pela lateral). O atendimento \u00e9 das 07h30 \u00e0s 11h da manh\u00e3 e das 13h30 \u00e0s 17h da tarde. Nas quartas-feiras, o hor\u00e1rio da Central da FUMSSAR se estende at\u00e9 \u00e0s 19h30. As primeiras doses (D1) s\u00e3o aplicadas por faixa et\u00e1ria, para pessoas a partir dos 12 anos. As segundas doses (D2) de Coronavac s\u00e3o realizadas ap\u00f3s 28 dias da primeira dose. Astrazeneca e Pfizer, ap\u00f3s oito semanas da primeira aplica\u00e7\u00e3o.\u00a0\u00a0As doses de refor\u00e7o (DR) est\u00e3o dispon\u00edveis para pessoas acima de 18 anos que realizaram a segunda dose h\u00e1 04 meses. No caso do imunizante da Janssen, a Dose de Refor\u00e7o \u00e9 realizada com um intervalo de 2 a 6 meses ap\u00f3s a primeira dose.<br><br>Os moradores de Santa Rosa que forem se vacinar precisam levar documento com foto, CPF, cart\u00e3o SUS e a caderneta de vacina\u00e7\u00e3o. Os jovens a partir de 12 anos, precisam ir acompanhados dos pais ou respons\u00e1vel legal. <\/p>\n","protected":false},"excerpt":{"rendered":"<p>A Funda\u00e7\u00e3o Municipal de Sa\u00fade de Santa Rosa aplicou na \u00faltima semana, de 10 a&#8230;<\/p>\n","protected":false},"author":36,"featured_media":20067,"comment_status":"closed","ping_status":"closed","sticky":false,"template":"","format":"standard","meta":{"footnotes":""},"categories":[152,2],"tags":[],"_links":{"self":[{"href":"https:\/\/www.fumssar.com.br\/index.php?rest_route=\/wp\/v2\/posts\/20066"}],"collection":[{"href":"https:\/\/www.fumssar.com.br\/index.php?rest_route=\/wp\/v2\/posts"}],"about":[{"href":"https:\/\/www.fumssar.com.br\/index.php?rest_route=\/wp\/v2\/types\/post"}],"author":[{"embeddable":true,"href":"https:\/\/www.fumssar.com.br\/index.php?rest_route=\/wp\/v2\/users\/36"}],"replies":[{"embeddable":true,"href":"https:\/\/www.fumssar.com.br\/index.php?rest_route=%2Fwp%2Fv2%2Fcomments&post=20066"}],"version-history":[{"count":1,"href":"https:\/\/www.fumssar.com.br\/index.php?rest_route=\/wp\/v2\/posts\/20066\/revisions"}],"predecessor-version":[{"id":20068,"href":"https:\/\/www.fumssar.com.br\/index.php?rest_route=\/wp\/v2\/posts\/20066\/revisions\/20068"}],"wp:featuredmedia":[{"embeddable":true,"href":"https:\/\/www.fumssar.com.br\/index.php?rest_route=\/wp\/v2\/media\/20067"}],"wp:attachment":[{"href":"https:\/\/www.fumssar.com.br\/index.php?rest_route=%2Fwp%2Fv2%2Fmedia&parent=20066"}],"wp:term":[{"taxonomy":"category","embeddable":true,"href":"https:\/\/www.fumssar.com.br\/index.php?rest_route=%2Fwp%2Fv2%2Fcategories&post=20066"},{"taxonomy":"post_tag","embeddable":true,"href":"https:\/\/www.fumssar.com.br\/index.php?rest_route=%2Fwp%2Fv2%2Ftags&post=20066"}],"curies":[{"name":"wp","href":"https:\/\/api.w.org\/{rel}","templated":true}]}}