{"id":20049,"date":"2022-01-14T10:21:41","date_gmt":"2022-01-14T13:21:41","guid":{"rendered":"http:\/\/www.fumssar.com.br\/?p=20049"},"modified":"2024-10-07T16:33:41","modified_gmt":"2024-10-07T19:33:41","slug":"sabado-e-dia-de-mutirao-na-central-de-vacinas","status":"publish","type":"post","link":"https:\/\/www.fumssar.com.br\/?p=20049","title":{"rendered":"S\u00e1bado \u00e9 dia de Mutir\u00e3o na Central de Vacinas"},"content":{"rendered":"\n<figure class=\"wp-block-image\"><img loading=\"lazy\" decoding=\"async\" width=\"1024\" height=\"1024\" src=\"http:\/\/www.fumssar.com.br\/wp-content\/uploads\/2022\/01\/Blue-Modern-Lets-Get-Vaccinated-Instagram-Post-1024x1024.png\" alt=\"\" class=\"wp-image-20050\" srcset=\"https:\/\/www.fumssar.com.br\/wp-content\/uploads\/2022\/01\/Blue-Modern-Lets-Get-Vaccinated-Instagram-Post-1024x1024.png 1024w, https:\/\/www.fumssar.com.br\/wp-content\/uploads\/2022\/01\/Blue-Modern-Lets-Get-Vaccinated-Instagram-Post-150x150.png 150w, https:\/\/www.fumssar.com.br\/wp-content\/uploads\/2022\/01\/Blue-Modern-Lets-Get-Vaccinated-Instagram-Post-300x300.png 300w, https:\/\/www.fumssar.com.br\/wp-content\/uploads\/2022\/01\/Blue-Modern-Lets-Get-Vaccinated-Instagram-Post-768x768.png 768w, https:\/\/www.fumssar.com.br\/wp-content\/uploads\/2022\/01\/Blue-Modern-Lets-Get-Vaccinated-Instagram-Post.png 1080w\" sizes=\"(max-width: 1024px) 100vw, 1024px\" \/><\/figure>\n\n\n\n<p>A Funda\u00e7\u00e3o Municipal de Sa\u00fade de Santa Rosa informa que neste s\u00e1bado (15), vai ser realizado um mutir\u00e3o de vacina\u00e7\u00e3o contra a COVID-19. O mutir\u00e3o vai acontecer das 08h \u00e0s 13h na Central de Vacinas da FUMSSAR. Todas as doses v\u00e3o ser aplicadas: dose um (D1), dose dois (D2) e a dose de refor\u00e7o (DR).<br><br>A Central de Vacinas da FUMSSAR fica localizada na Rua Dr. Francisco Timm, 480 &#8211; centro, no subsolo (entrada pela lateral). As primeiras doses (D1) s\u00e3o aplicadas por faixa et\u00e1ria, para pessoas a partir dos 12 anos. As segundas doses (D2) de Coronavac s\u00e3o realizadas ap\u00f3s 28 dias da primeira dose. Astrazeneca e Pfizer, ap\u00f3s oito semanas da primeira aplica\u00e7\u00e3o. As doses de refor\u00e7o (DR) est\u00e3o dispon\u00edveis para pessoas acima de 18 anos que realizaram a segunda dose h\u00e1 04 meses. No caso do imunizante da Janssen, a Dose de Refor\u00e7o \u00e9 realizada com um intervalo de 2 a 6 meses ap\u00f3s a primeira dose. Para se vacinar \u00e9 necess\u00e1rio levar documento com foto, CPF, cart\u00e3o SUS e a caderneta de vacina\u00e7\u00e3o. Os jovens a partir de 12 anos, precisam ir acompanhados dos pais ou respons\u00e1vel legal.<br><br>A FUMSSAR informa tamb\u00e9m que a testagem para COVID-19 segue sendo realizada semana que vem, por agendamento. Os testes podem ser feitos na Sentinela do centro, na UBS Jardim Petr\u00f3polis e na UBS Cruzeiro. Para realizar a testagem \u00e9 necess\u00e1rio ligar na UBS de origem para agendar um hor\u00e1rio em um dos locais dispon\u00edveis. O teste deve ser realizado somente por pessoas que estejam com sintomas da doen\u00e7a. O indicado \u00e9 realizar a testagem a partir do 3\u00ba dia com sintomas. Devido \u00e0 grande demanda, a quantidade di\u00e1ria de testes \u00e9 limitada.<\/p>\n","protected":false},"excerpt":{"rendered":"<p>A Funda\u00e7\u00e3o Municipal de Sa\u00fade de Santa Rosa informa que neste s\u00e1bado (15), vai ser&#8230;<\/p>\n","protected":false},"author":36,"featured_media":20050,"comment_status":"closed","ping_status":"closed","sticky":false,"template":"","format":"standard","meta":{"footnotes":""},"categories":[152,2],"tags":[],"_links":{"self":[{"href":"https:\/\/www.fumssar.com.br\/index.php?rest_route=\/wp\/v2\/posts\/20049"}],"collection":[{"href":"https:\/\/www.fumssar.com.br\/index.php?rest_route=\/wp\/v2\/posts"}],"about":[{"href":"https:\/\/www.fumssar.com.br\/index.php?rest_route=\/wp\/v2\/types\/post"}],"author":[{"embeddable":true,"href":"https:\/\/www.fumssar.com.br\/index.php?rest_route=\/wp\/v2\/users\/36"}],"replies":[{"embeddable":true,"href":"https:\/\/www.fumssar.com.br\/index.php?rest_route=%2Fwp%2Fv2%2Fcomments&post=20049"}],"version-history":[{"count":1,"href":"https:\/\/www.fumssar.com.br\/index.php?rest_route=\/wp\/v2\/posts\/20049\/revisions"}],"predecessor-version":[{"id":20051,"href":"https:\/\/www.fumssar.com.br\/index.php?rest_route=\/wp\/v2\/posts\/20049\/revisions\/20051"}],"wp:featuredmedia":[{"embeddable":true,"href":"https:\/\/www.fumssar.com.br\/index.php?rest_route=\/wp\/v2\/media\/20050"}],"wp:attachment":[{"href":"https:\/\/www.fumssar.com.br\/index.php?rest_route=%2Fwp%2Fv2%2Fmedia&parent=20049"}],"wp:term":[{"taxonomy":"category","embeddable":true,"href":"https:\/\/www.fumssar.com.br\/index.php?rest_route=%2Fwp%2Fv2%2Fcategories&post=20049"},{"taxonomy":"post_tag","embeddable":true,"href":"https:\/\/www.fumssar.com.br\/index.php?rest_route=%2Fwp%2Fv2%2Ftags&post=20049"}],"curies":[{"name":"wp","href":"https:\/\/api.w.org\/{rel}","templated":true}]}}