{"id":20013,"date":"2022-01-07T15:46:27","date_gmt":"2022-01-07T18:46:27","guid":{"rendered":"http:\/\/www.fumssar.com.br\/?p=20013"},"modified":"2024-10-07T16:33:41","modified_gmt":"2024-10-07T19:33:41","slug":"confira-como-sera-a-vacinacao-contra-a-covid-19-na-proxima-semana","status":"publish","type":"post","link":"https:\/\/www.fumssar.com.br\/?p=20013","title":{"rendered":"Confira como ser\u00e1 a vacina\u00e7\u00e3o contra a COVID-19 na pr\u00f3xima semana"},"content":{"rendered":"\n<figure class=\"wp-block-image\"><img loading=\"lazy\" decoding=\"async\" width=\"1024\" height=\"768\" src=\"https:\/\/www.fumssar.com.br\/wp-content\/uploads\/2022\/01\/WhatsApp-Image-2022-01-07-at-11.33.57-1024x768.jpeg\" alt=\"\" class=\"wp-image-20014\" srcset=\"https:\/\/www.fumssar.com.br\/wp-content\/uploads\/2022\/01\/WhatsApp-Image-2022-01-07-at-11.33.57-1024x768.jpeg 1024w, https:\/\/www.fumssar.com.br\/wp-content\/uploads\/2022\/01\/WhatsApp-Image-2022-01-07-at-11.33.57-300x225.jpeg 300w, https:\/\/www.fumssar.com.br\/wp-content\/uploads\/2022\/01\/WhatsApp-Image-2022-01-07-at-11.33.57-768x576.jpeg 768w, https:\/\/www.fumssar.com.br\/wp-content\/uploads\/2022\/01\/WhatsApp-Image-2022-01-07-at-11.33.57.jpeg 1280w\" sizes=\"(max-width: 1024px) 100vw, 1024px\" \/><\/figure>\n\n\n\n<p>A Funda\u00e7\u00e3o Municipal de Sa\u00fade de Santa Rosa informa o cronograma para a vacina\u00e7\u00e3o contra a COVID-19 na pr\u00f3xima semana. Na segunda (10) e ter\u00e7a-feira (11), v\u00e3o ser aplicadas na Central de Vacinas, somente as doses de refor\u00e7o para as pessoas que fizeram a primeira dose do imunizante da Janssen. A partir de quarta-feira (12), quando a Funda\u00e7\u00e3o deve receber uma nova remessa de vacinas, voltam a ser aplicadas todas as doses: dose um (D1), dose dois (D2) e a dose de refor\u00e7o (DR) na FUMSSAR. Al\u00e9m disso, na quarta-feira vai acontecer um mutir\u00e3o de vacina\u00e7\u00e3o na UBS J\u00falio de Oliveira, no turno da noite, das 18h30 \u00e0s 20h30 com a aplica\u00e7\u00e3o de todas as doses. <br><br>O hor\u00e1rio para a vacina\u00e7\u00e3o vai ser ampliado de quarta at\u00e9 sexta-feira (14). O atendimento na Central de Vacinas vai ser das 07h30 \u00e0s 11h00 e das 13h30 \u00e0s 19h30. N\u00e3o \u00e9 necess\u00e1rio realizar agendamento. O atendimento acontece por ordem de chegada. A Central de Vacinas da FUMSSAR fica localizada na Rua Dr. Francisco Timm, 480 &#8211; Centro, no subsolo (entrada pela lateral). As primeiras doses (D1) s\u00e3o aplicadas por faixa et\u00e1ria, para pessoas a partir dos 12 anos. As segundas doses (D2) de Coronavac s\u00e3o realizadas ap\u00f3s 28 dias da primeira dose. Astrazeneca e Pfizer, ap\u00f3s oito semanas da primeira aplica\u00e7\u00e3o.<br><br>As doses de refor\u00e7o (DR) est\u00e3o dispon\u00edveis para pessoas acima de 18 anos que realizaram a segunda dose h\u00e1 04 meses. No caso do imunizante da Janssen, a Dose de Refor\u00e7o \u00e9 realizada com um intervalo de 2 a 6 meses ap\u00f3s a primeira dose. Os moradores de Santa Rosa que forem se vacinar precisam levar documento com foto, CPF, cart\u00e3o SUS e a caderneta de vacina\u00e7\u00e3o. Os jovens a partir de 12 anos, precisam ir acompanhados dos pais ou respons\u00e1vel legal.<\/p>\n","protected":false},"excerpt":{"rendered":"<p>A Funda\u00e7\u00e3o Municipal de Sa\u00fade de Santa Rosa informa o cronograma para a vacina\u00e7\u00e3o contra&#8230;<\/p>\n","protected":false},"author":36,"featured_media":20014,"comment_status":"closed","ping_status":"closed","sticky":false,"template":"","format":"standard","meta":{"footnotes":""},"categories":[152,2],"tags":[],"_links":{"self":[{"href":"https:\/\/www.fumssar.com.br\/index.php?rest_route=\/wp\/v2\/posts\/20013"}],"collection":[{"href":"https:\/\/www.fumssar.com.br\/index.php?rest_route=\/wp\/v2\/posts"}],"about":[{"href":"https:\/\/www.fumssar.com.br\/index.php?rest_route=\/wp\/v2\/types\/post"}],"author":[{"embeddable":true,"href":"https:\/\/www.fumssar.com.br\/index.php?rest_route=\/wp\/v2\/users\/36"}],"replies":[{"embeddable":true,"href":"https:\/\/www.fumssar.com.br\/index.php?rest_route=%2Fwp%2Fv2%2Fcomments&post=20013"}],"version-history":[{"count":2,"href":"https:\/\/www.fumssar.com.br\/index.php?rest_route=\/wp\/v2\/posts\/20013\/revisions"}],"predecessor-version":[{"id":20021,"href":"https:\/\/www.fumssar.com.br\/index.php?rest_route=\/wp\/v2\/posts\/20013\/revisions\/20021"}],"wp:featuredmedia":[{"embeddable":true,"href":"https:\/\/www.fumssar.com.br\/index.php?rest_route=\/wp\/v2\/media\/20014"}],"wp:attachment":[{"href":"https:\/\/www.fumssar.com.br\/index.php?rest_route=%2Fwp%2Fv2%2Fmedia&parent=20013"}],"wp:term":[{"taxonomy":"category","embeddable":true,"href":"https:\/\/www.fumssar.com.br\/index.php?rest_route=%2Fwp%2Fv2%2Fcategories&post=20013"},{"taxonomy":"post_tag","embeddable":true,"href":"https:\/\/www.fumssar.com.br\/index.php?rest_route=%2Fwp%2Fv2%2Ftags&post=20013"}],"curies":[{"name":"wp","href":"https:\/\/api.w.org\/{rel}","templated":true}]}}