{"id":19975,"date":"2022-01-04T08:54:28","date_gmt":"2022-01-04T11:54:28","guid":{"rendered":"http:\/\/www.fumssar.com.br\/?p=19975"},"modified":"2024-10-07T16:33:41","modified_gmt":"2024-10-07T19:33:41","slug":"equipe-da-macrotea-realiza-planejamento-para-2022","status":"publish","type":"post","link":"https:\/\/www.fumssar.com.br\/?p=19975","title":{"rendered":"Equipe da MacroTEA realiza planejamento para 2022"},"content":{"rendered":"\n<figure class=\"wp-block-image\"><img loading=\"lazy\" decoding=\"async\" width=\"1024\" height=\"768\" src=\"https:\/\/www.fumssar.com.br\/wp-content\/uploads\/2022\/01\/WhatsApp-Image-2021-12-30-at-15.49.16-1024x768.jpeg\" alt=\"\" class=\"wp-image-19976\" srcset=\"https:\/\/www.fumssar.com.br\/wp-content\/uploads\/2022\/01\/WhatsApp-Image-2021-12-30-at-15.49.16-1024x768.jpeg 1024w, https:\/\/www.fumssar.com.br\/wp-content\/uploads\/2022\/01\/WhatsApp-Image-2021-12-30-at-15.49.16-300x225.jpeg 300w, https:\/\/www.fumssar.com.br\/wp-content\/uploads\/2022\/01\/WhatsApp-Image-2021-12-30-at-15.49.16-768x576.jpeg 768w, https:\/\/www.fumssar.com.br\/wp-content\/uploads\/2022\/01\/WhatsApp-Image-2021-12-30-at-15.49.16.jpeg 1600w\" sizes=\"(max-width: 1024px) 100vw, 1024px\" \/><\/figure>\n\n\n\n<p>Avalia\u00e7\u00e3o e proje\u00e7\u00f5es para o MacroTEA \u2013 Centro Macrorregional de Refer\u00eancia em Transtorno do Espectro Autista. Os secret\u00e1rios municipais que comp\u00f5e a tr\u00edade base do programa: Sa\u00fade, Educa\u00e7\u00e3o e Assist\u00eancia Social estiveram reunidos para avaliar os primeiros meses de atendimento.<br><br>Na oportunidade, a Secret\u00e1ria de Educa\u00e7\u00e3o, Lires Zimmermann, a Secret\u00e1ria de Desenvolvimento Social, Rita Strasser e o Presidente da Funda\u00e7\u00e3o Municipal de Sa\u00fade, junto com integrantes da equipe multiprofissional da MacroTEA fizeram uma avalia\u00e7\u00e3o das atividades realizadas em 2021. O encontro serviu tamb\u00e9m para tratar de novos planos e a\u00e7\u00f5es para 2022. O presidente da FUMSSAR, D\u00e9lcio Stefan, destacou a import\u00e2ncia do servi\u00e7o realizado no ano que passou, \u201cEstamos muito contentes com o papel desempenhado at\u00e9 aqui. Por meio de matriciamento, Santa Rosa e munic\u00edpios da regi\u00e3o est\u00e3o tendo acesso a esse servi\u00e7o de qualidade. Tudo isso, gra\u00e7as ao apoio e colabora\u00e7\u00e3o das demais secretarias envolvidas na MacroTEA\u201d.<br><br>Para 2022, entre as atividades, a equipe j\u00e1 tem programado o I F\u00f3rum Macrorregional do Transtorno do Espectro Autista: um olhar para a educa\u00e7\u00e3o que vai acontecer em fevereiro.<\/p>\n","protected":false},"excerpt":{"rendered":"<p>Avalia\u00e7\u00e3o e proje\u00e7\u00f5es para o MacroTEA \u2013 Centro Macrorregional de Refer\u00eancia em Transtorno do Espectro&#8230;<\/p>\n","protected":false},"author":36,"featured_media":19976,"comment_status":"closed","ping_status":"closed","sticky":false,"template":"","format":"standard","meta":{"footnotes":""},"categories":[2],"tags":[],"_links":{"self":[{"href":"https:\/\/www.fumssar.com.br\/index.php?rest_route=\/wp\/v2\/posts\/19975"}],"collection":[{"href":"https:\/\/www.fumssar.com.br\/index.php?rest_route=\/wp\/v2\/posts"}],"about":[{"href":"https:\/\/www.fumssar.com.br\/index.php?rest_route=\/wp\/v2\/types\/post"}],"author":[{"embeddable":true,"href":"https:\/\/www.fumssar.com.br\/index.php?rest_route=\/wp\/v2\/users\/36"}],"replies":[{"embeddable":true,"href":"https:\/\/www.fumssar.com.br\/index.php?rest_route=%2Fwp%2Fv2%2Fcomments&post=19975"}],"version-history":[{"count":1,"href":"https:\/\/www.fumssar.com.br\/index.php?rest_route=\/wp\/v2\/posts\/19975\/revisions"}],"predecessor-version":[{"id":19977,"href":"https:\/\/www.fumssar.com.br\/index.php?rest_route=\/wp\/v2\/posts\/19975\/revisions\/19977"}],"wp:featuredmedia":[{"embeddable":true,"href":"https:\/\/www.fumssar.com.br\/index.php?rest_route=\/wp\/v2\/media\/19976"}],"wp:attachment":[{"href":"https:\/\/www.fumssar.com.br\/index.php?rest_route=%2Fwp%2Fv2%2Fmedia&parent=19975"}],"wp:term":[{"taxonomy":"category","embeddable":true,"href":"https:\/\/www.fumssar.com.br\/index.php?rest_route=%2Fwp%2Fv2%2Fcategories&post=19975"},{"taxonomy":"post_tag","embeddable":true,"href":"https:\/\/www.fumssar.com.br\/index.php?rest_route=%2Fwp%2Fv2%2Ftags&post=19975"}],"curies":[{"name":"wp","href":"https:\/\/api.w.org\/{rel}","templated":true}]}}