{"id":19971,"date":"2022-01-03T15:26:38","date_gmt":"2022-01-03T18:26:38","guid":{"rendered":"http:\/\/www.fumssar.com.br\/?p=19971"},"modified":"2024-10-07T16:33:41","modified_gmt":"2024-10-07T19:33:41","slug":"central-de-vacinas-realizou-1-522-doses-contra-a-covid-19-na-ultima-semana-de-2021","status":"publish","type":"post","link":"https:\/\/www.fumssar.com.br\/?p=19971","title":{"rendered":"Central de Vacinas realizou 1.522 doses contra a COVID-19 na \u00faltima semana de 2021"},"content":{"rendered":"\n<figure class=\"wp-block-image\"><img loading=\"lazy\" decoding=\"async\" width=\"1024\" height=\"768\" src=\"https:\/\/www.fumssar.com.br\/wp-content\/uploads\/2022\/01\/WhatsApp-Image-2022-01-03-at-15.20.56-1-1024x768.jpeg\" alt=\"\" class=\"wp-image-19973\" srcset=\"https:\/\/www.fumssar.com.br\/wp-content\/uploads\/2022\/01\/WhatsApp-Image-2022-01-03-at-15.20.56-1.jpeg 1024w, https:\/\/www.fumssar.com.br\/wp-content\/uploads\/2022\/01\/WhatsApp-Image-2022-01-03-at-15.20.56-1-300x225.jpeg 300w, https:\/\/www.fumssar.com.br\/wp-content\/uploads\/2022\/01\/WhatsApp-Image-2022-01-03-at-15.20.56-1-768x576.jpeg 768w\" sizes=\"(max-width: 1024px) 100vw, 1024px\" \/><\/figure>\n\n\n\n<p>A Funda\u00e7\u00e3o Municipal de Sa\u00fade de Santa Rosa informa que na \u00faltima semana do ano de 2021, dos dias 27 a 30 foram realizadas na Central de Vacinas, 1.522 doses contra a COVID-19, uma m\u00e9dia de 380 aplica\u00e7\u00f5es por dia. Do total, 27 imuniza\u00e7\u00f5es foram de primeira dose (D1), 333 de segunda dose (D2) e 1.162 de dose de refor\u00e7o (DR). O atendimento retornou nesta segunda-feira (03).<\/p>\n\n\n\n<p>A Central de Vacinas da FUMSSAR fica localizada na Rua Dr. Francisco Timm, 480, centro, subsolo (entrada pela lateral). S\u00e3o realizadas todas as doses: dose um (D1), dose dois (D2) e a dose de refor\u00e7o (DR), de segunda \u00e0 sexta-feira, das 07h30 \u00e0s 11h00 e das 13h30 \u00e0s 17h00. Podem se vacinar com primeira dose (D1), pessoas a partir dos 12 anos. A segunda dose (D2), de Coronavac \u00e9 realizada ap\u00f3s 28 dias da primeira dose. Astrazeneca e Pfizer, ap\u00f3s oito semanas da primeira aplica\u00e7\u00e3o. As doses de refor\u00e7o (DR), est\u00e3o dispon\u00edveis para pessoas acima de 18 anos, que realizaram a segunda dose h\u00e1 04 meses. No caso do imunizante da Janssen, a Dose de Refor\u00e7o \u00e9 realizada com um intervalo de 2 a 6 meses ap\u00f3s a primeira aplica\u00e7\u00e3o. <br><br>Os moradores de Santa Rosa que forem se vacinar precisam levar documento com foto, CPF, cart\u00e3o SUS e a caderneta de vacina\u00e7\u00e3o. Os jovens a partir de 14 anos, precisam ir acompanhados dos pais ou respons\u00e1vel legal.<\/p>\n","protected":false},"excerpt":{"rendered":"<p>A Funda\u00e7\u00e3o Municipal de Sa\u00fade de Santa Rosa informa que na \u00faltima semana do ano&#8230;<\/p>\n","protected":false},"author":36,"featured_media":19973,"comment_status":"closed","ping_status":"closed","sticky":false,"template":"","format":"standard","meta":{"footnotes":""},"categories":[152,2],"tags":[],"_links":{"self":[{"href":"https:\/\/www.fumssar.com.br\/index.php?rest_route=\/wp\/v2\/posts\/19971"}],"collection":[{"href":"https:\/\/www.fumssar.com.br\/index.php?rest_route=\/wp\/v2\/posts"}],"about":[{"href":"https:\/\/www.fumssar.com.br\/index.php?rest_route=\/wp\/v2\/types\/post"}],"author":[{"embeddable":true,"href":"https:\/\/www.fumssar.com.br\/index.php?rest_route=\/wp\/v2\/users\/36"}],"replies":[{"embeddable":true,"href":"https:\/\/www.fumssar.com.br\/index.php?rest_route=%2Fwp%2Fv2%2Fcomments&post=19971"}],"version-history":[{"count":1,"href":"https:\/\/www.fumssar.com.br\/index.php?rest_route=\/wp\/v2\/posts\/19971\/revisions"}],"predecessor-version":[{"id":19974,"href":"https:\/\/www.fumssar.com.br\/index.php?rest_route=\/wp\/v2\/posts\/19971\/revisions\/19974"}],"wp:featuredmedia":[{"embeddable":true,"href":"https:\/\/www.fumssar.com.br\/index.php?rest_route=\/wp\/v2\/media\/19973"}],"wp:attachment":[{"href":"https:\/\/www.fumssar.com.br\/index.php?rest_route=%2Fwp%2Fv2%2Fmedia&parent=19971"}],"wp:term":[{"taxonomy":"category","embeddable":true,"href":"https:\/\/www.fumssar.com.br\/index.php?rest_route=%2Fwp%2Fv2%2Fcategories&post=19971"},{"taxonomy":"post_tag","embeddable":true,"href":"https:\/\/www.fumssar.com.br\/index.php?rest_route=%2Fwp%2Fv2%2Ftags&post=19971"}],"curies":[{"name":"wp","href":"https:\/\/api.w.org\/{rel}","templated":true}]}}