{"id":1995,"date":"2014-07-03T18:14:54","date_gmt":"2014-07-03T18:14:54","guid":{"rendered":"http:\/\/www.fumssar.com.br\/?p=1995"},"modified":"2024-10-07T16:36:18","modified_gmt":"2024-10-07T19:36:18","slug":"jogos-internos-da-fumssar-estao-em-fase-final","status":"publish","type":"post","link":"https:\/\/www.fumssar.com.br\/?p=1995","title":{"rendered":"Jogos internos da FUMSSAR est\u00e3o em fase final"},"content":{"rendered":"<p align=\"center\"><a href=\"http:\/\/www.fumssar.com.br\/wp-content\/uploads\/2014\/07\/jogos-2.jpg\"><img loading=\"lazy\" decoding=\"async\" class=\"alignnone size-medium wp-image-1997\" alt=\"jogos 2\" src=\"http:\/\/www.fumssar.com.br\/wp-content\/uploads\/2014\/07\/jogos-2-300x224.jpg\" width=\"300\" height=\"224\" srcset=\"https:\/\/www.fumssar.com.br\/wp-content\/uploads\/2014\/07\/jogos-2-300x224.jpg 300w, https:\/\/www.fumssar.com.br\/wp-content\/uploads\/2014\/07\/jogos-2.jpg 448w\" sizes=\"(max-width: 300px) 100vw, 300px\" \/><\/a><a href=\"http:\/\/www.fumssar.com.br\/wp-content\/uploads\/2014\/07\/jogos-3.jpg\"><img loading=\"lazy\" decoding=\"async\" class=\"alignnone size-medium wp-image-1998\" alt=\"jogos 3\" src=\"http:\/\/www.fumssar.com.br\/wp-content\/uploads\/2014\/07\/jogos-3-300x224.jpg\" width=\"300\" height=\"224\" srcset=\"https:\/\/www.fumssar.com.br\/wp-content\/uploads\/2014\/07\/jogos-3-300x224.jpg 300w, https:\/\/www.fumssar.com.br\/wp-content\/uploads\/2014\/07\/jogos-3.jpg 448w\" sizes=\"(max-width: 300px) 100vw, 300px\" \/><\/a><\/p>\n<p>\u00a0\u00a0\u00a0\u00a0\u00a0\u00a0\u00a0\u00a0\u00a0\u00a0\u00a0\u00a0\u00a0\u00a0\u00a0 Realizada na ter\u00e7a-feira (01), mais uma etapa dos Jogos internos da Funda\u00e7\u00e3o Municipal de Sa\u00fade que est\u00e3o em andamento desde o m\u00eas de maio. Nesta etapa foram realizados jogos de FUTSAL feminino e V\u00f4lei misto. Na modalidade\u00a0 FUTSAL Masculino resta apenas a partida para decidir a final do certame. As primeiras fases foram realizadas no Gin\u00e1sio Pedro Odeon do\u00a0 bairro Cruzeiro\u00a0 a pr\u00f3xima etapa que ser\u00e3o as finais do torneio ser\u00e1 no dia 05 de agosto no Gin\u00e1sio do SESI do bairro Sulina. As equipes s\u00e3o formadas por servidores da FUMSSAR e tamb\u00e9m participam os familiares.\u00a0 O Presidente da Funda\u00e7\u00e3o Municipal de Sa\u00fade Dr. Lu\u00eds Ant\u00f4nio Benvegn\u00fa destacou a import\u00e2ncia dos jogos que visam a integra\u00e7\u00e3o de servidores e da fam\u00edlia.<\/p>\n<p>&nbsp;<\/p>\n","protected":false},"excerpt":{"rendered":"<p>\u00a0\u00a0\u00a0\u00a0\u00a0\u00a0\u00a0\u00a0\u00a0\u00a0\u00a0\u00a0\u00a0\u00a0\u00a0 Realizada na ter\u00e7a-feira (01), mais uma etapa dos Jogos internos da Funda\u00e7\u00e3o Municipal de&#8230;<\/p>\n","protected":false},"author":11,"featured_media":1996,"comment_status":"open","ping_status":"open","sticky":false,"template":"","format":"standard","meta":{"footnotes":""},"categories":[2],"tags":[],"_links":{"self":[{"href":"https:\/\/www.fumssar.com.br\/index.php?rest_route=\/wp\/v2\/posts\/1995"}],"collection":[{"href":"https:\/\/www.fumssar.com.br\/index.php?rest_route=\/wp\/v2\/posts"}],"about":[{"href":"https:\/\/www.fumssar.com.br\/index.php?rest_route=\/wp\/v2\/types\/post"}],"author":[{"embeddable":true,"href":"https:\/\/www.fumssar.com.br\/index.php?rest_route=\/wp\/v2\/users\/11"}],"replies":[{"embeddable":true,"href":"https:\/\/www.fumssar.com.br\/index.php?rest_route=%2Fwp%2Fv2%2Fcomments&post=1995"}],"version-history":[{"count":1,"href":"https:\/\/www.fumssar.com.br\/index.php?rest_route=\/wp\/v2\/posts\/1995\/revisions"}],"predecessor-version":[{"id":1999,"href":"https:\/\/www.fumssar.com.br\/index.php?rest_route=\/wp\/v2\/posts\/1995\/revisions\/1999"}],"wp:featuredmedia":[{"embeddable":true,"href":"https:\/\/www.fumssar.com.br\/index.php?rest_route=\/wp\/v2\/media\/1996"}],"wp:attachment":[{"href":"https:\/\/www.fumssar.com.br\/index.php?rest_route=%2Fwp%2Fv2%2Fmedia&parent=1995"}],"wp:term":[{"taxonomy":"category","embeddable":true,"href":"https:\/\/www.fumssar.com.br\/index.php?rest_route=%2Fwp%2Fv2%2Fcategories&post=1995"},{"taxonomy":"post_tag","embeddable":true,"href":"https:\/\/www.fumssar.com.br\/index.php?rest_route=%2Fwp%2Fv2%2Ftags&post=1995"}],"curies":[{"name":"wp","href":"https:\/\/api.w.org\/{rel}","templated":true}]}}