{"id":19905,"date":"2021-12-27T10:32:54","date_gmt":"2021-12-27T13:32:54","guid":{"rendered":"http:\/\/www.fumssar.com.br\/?p=19905"},"modified":"2024-10-07T16:33:42","modified_gmt":"2024-10-07T19:33:42","slug":"fumssar-completa-26-anos","status":"publish","type":"post","link":"https:\/\/www.fumssar.com.br\/?p=19905","title":{"rendered":"FUMSSAR completa 26 anos"},"content":{"rendered":"\n<figure class=\"wp-block-image\"><img loading=\"lazy\" decoding=\"async\" width=\"1024\" height=\"768\" src=\"https:\/\/www.fumssar.com.br\/wp-content\/uploads\/2021\/12\/WhatsApp-Image-2021-12-27-at-08.50.33-1024x768.jpeg\" alt=\"\" class=\"wp-image-19906\" srcset=\"https:\/\/www.fumssar.com.br\/wp-content\/uploads\/2021\/12\/WhatsApp-Image-2021-12-27-at-08.50.33-1024x768.jpeg 1024w, https:\/\/www.fumssar.com.br\/wp-content\/uploads\/2021\/12\/WhatsApp-Image-2021-12-27-at-08.50.33-300x225.jpeg 300w, https:\/\/www.fumssar.com.br\/wp-content\/uploads\/2021\/12\/WhatsApp-Image-2021-12-27-at-08.50.33-768x576.jpeg 768w, https:\/\/www.fumssar.com.br\/wp-content\/uploads\/2021\/12\/WhatsApp-Image-2021-12-27-at-08.50.33.jpeg 1280w\" sizes=\"(max-width: 1024px) 100vw, 1024px\" \/><\/figure>\n\n\n\n<p>A FUMSSAR \u2013 Funda\u00e7\u00e3o Municipal de Sa\u00fade de Santa Rosa completa nesta segunda-feira (27), 26 anos. Foi fundada no dia 27 de dezembro de 1995, com a aprova\u00e7\u00e3o da Lei 2.452 de autoria do ent\u00e3o prefeito da \u00e9poca, senhor Osmar Gasparini Terra. O munic\u00edpio contava no in\u00edcio com 4 postos de sa\u00fade. Logo em seguida, foi montada a estrutura b\u00e1sica de sa\u00fade passando de 4 para 9 postos de sa\u00fade e um Centro de Especialidades.<\/p>\n\n\n\n<p>De l\u00e1 para c\u00e1 muito se construiu, com grandes conquistas alcan\u00e7adas e avan\u00e7os realizados. Tudo isto constru\u00eddo por v\u00e1rios administradores e fundamentalmente com a participa\u00e7\u00e3o popular. As confer\u00eancias municipais sempre foram instrumentos de orienta\u00e7\u00e3o e discuss\u00e3o da sa\u00fade em Santa Rosa.&nbsp;&nbsp;A FUMSSAR foi criada com a miss\u00e3o de melhorar a sa\u00fade p\u00fablica para a popula\u00e7\u00e3o por meio de pol\u00edticas que assegurem o desenvolvimento de a\u00e7\u00f5es e servi\u00e7os de acordo com as necessidades da popula\u00e7\u00e3o. No momento, a Funda\u00e7\u00e3o de Sa\u00fade possui a seguinte estrutura: Aten\u00e7\u00e3o Prim\u00e1ria em Sa\u00fade com 18 Unidades B\u00e1sicas de Sa\u00fade, Farm\u00e1cia Municipal, Vigil\u00e2ncias em Sa\u00fade, Centros de Aten\u00e7\u00e3o Psicossocial e as PICS \u2013 Pr\u00e1ticas Integrativas e Complementares. A Rede Complementar possui: Centro de Especialidades, Centro Macrorregional TEA \u2013 Transtorno do Espectro Autista, CER II, CEREST, Hemocentro e Laborat\u00f3rio Municipal de An\u00e1lises Cl\u00ednicas. Al\u00e9m disso, a FUMSSAR possui um N\u00facleo de Ensino e Pesquisa \u2013 NEP com 25.005 horas de treinamentos em 2021. Outro servi\u00e7o realizado h\u00e1 15 anos \u00e9 o Programa de Resid\u00eancia M\u00e9dica em Medicina da Fam\u00edlia e Comunidade e o Programa de Resid\u00eancia Multiprofissional em Sa\u00fade da Fam\u00edlia e Comunidade.<\/p>\n\n\n\n<p>O presidente da FUMSSAR, D\u00e9lcio Stefan, destacou como a Funda\u00e7\u00e3o foi fundamental no processo dos avan\u00e7os da sa\u00fade em Santa Rosa, &#8220;Todos esses avan\u00e7os e conquistas aconteceram com o objetivo de colocar a sa\u00fade da popula\u00e7\u00e3o no centro das demandas. Planejando a\u00e7\u00f5es que fossem resolutivas e fazendo com que todos tenham acesso a uma sa\u00fade de qualidade&#8221;. A FUMSSAR teve grandes conquistas em 2021. Foi contemplada com um Centro Macrorregional de Refer\u00eancia em Transtorno do Espectro Autista e implementou o terceiro turno em 2 Unidades B\u00e1sicas de Sa\u00fade. Hoje, a Funda\u00e7\u00e3o conta com 411 servidores, dentre eles, 90 profissionais de sa\u00fade com especializa\u00e7\u00f5es, mestrado e doutorado.<\/p>\n","protected":false},"excerpt":{"rendered":"<p>A FUMSSAR \u2013 Funda\u00e7\u00e3o Municipal de Sa\u00fade de Santa Rosa completa nesta segunda-feira (27), 26&#8230;<\/p>\n","protected":false},"author":36,"featured_media":19906,"comment_status":"closed","ping_status":"closed","sticky":false,"template":"","format":"standard","meta":{"footnotes":""},"categories":[2],"tags":[],"_links":{"self":[{"href":"https:\/\/www.fumssar.com.br\/index.php?rest_route=\/wp\/v2\/posts\/19905"}],"collection":[{"href":"https:\/\/www.fumssar.com.br\/index.php?rest_route=\/wp\/v2\/posts"}],"about":[{"href":"https:\/\/www.fumssar.com.br\/index.php?rest_route=\/wp\/v2\/types\/post"}],"author":[{"embeddable":true,"href":"https:\/\/www.fumssar.com.br\/index.php?rest_route=\/wp\/v2\/users\/36"}],"replies":[{"embeddable":true,"href":"https:\/\/www.fumssar.com.br\/index.php?rest_route=%2Fwp%2Fv2%2Fcomments&post=19905"}],"version-history":[{"count":1,"href":"https:\/\/www.fumssar.com.br\/index.php?rest_route=\/wp\/v2\/posts\/19905\/revisions"}],"predecessor-version":[{"id":19907,"href":"https:\/\/www.fumssar.com.br\/index.php?rest_route=\/wp\/v2\/posts\/19905\/revisions\/19907"}],"wp:featuredmedia":[{"embeddable":true,"href":"https:\/\/www.fumssar.com.br\/index.php?rest_route=\/wp\/v2\/media\/19906"}],"wp:attachment":[{"href":"https:\/\/www.fumssar.com.br\/index.php?rest_route=%2Fwp%2Fv2%2Fmedia&parent=19905"}],"wp:term":[{"taxonomy":"category","embeddable":true,"href":"https:\/\/www.fumssar.com.br\/index.php?rest_route=%2Fwp%2Fv2%2Fcategories&post=19905"},{"taxonomy":"post_tag","embeddable":true,"href":"https:\/\/www.fumssar.com.br\/index.php?rest_route=%2Fwp%2Fv2%2Ftags&post=19905"}],"curies":[{"name":"wp","href":"https:\/\/api.w.org\/{rel}","templated":true}]}}