{"id":19894,"date":"2021-12-24T08:55:51","date_gmt":"2021-12-24T11:55:51","guid":{"rendered":"http:\/\/www.fumssar.com.br\/?p=19894"},"modified":"2024-10-07T16:33:42","modified_gmt":"2024-10-07T19:33:42","slug":"cer-ii-realiza-reabilitacao-auditiva-de-bebes-e-criancas","status":"publish","type":"post","link":"https:\/\/www.fumssar.com.br\/?p=19894","title":{"rendered":"CER II realiza Reabilita\u00e7\u00e3o Auditiva de beb\u00eas e crian\u00e7as"},"content":{"rendered":"\n<figure class=\"wp-block-image\"><img loading=\"lazy\" decoding=\"async\" width=\"1024\" height=\"731\" src=\"https:\/\/www.fumssar.com.br\/wp-content\/uploads\/2021\/12\/WhatsApp-Image-2021-12-24-at-08.51.43-1024x731.jpeg\" alt=\"\" class=\"wp-image-19895\" srcset=\"https:\/\/www.fumssar.com.br\/wp-content\/uploads\/2021\/12\/WhatsApp-Image-2021-12-24-at-08.51.43-1024x731.jpeg 1024w, https:\/\/www.fumssar.com.br\/wp-content\/uploads\/2021\/12\/WhatsApp-Image-2021-12-24-at-08.51.43-300x214.jpeg 300w, https:\/\/www.fumssar.com.br\/wp-content\/uploads\/2021\/12\/WhatsApp-Image-2021-12-24-at-08.51.43-768x548.jpeg 768w, https:\/\/www.fumssar.com.br\/wp-content\/uploads\/2021\/12\/WhatsApp-Image-2021-12-24-at-08.51.43.jpeg 1280w\" sizes=\"(max-width: 1024px) 100vw, 1024px\" \/><\/figure>\n\n\n\n<p>&#8220;A Audi\u00e7\u00e3o \u00e9 importante n\u00e3o s\u00f3 para a comunica\u00e7\u00e3o e orienta\u00e7\u00e3o espacial, mas tamb\u00e9m para a afirma\u00e7\u00e3o de nossa exist\u00eancia como seres humanos&#8221; (Karlsson Espmark e Hansson Scherman, 2003). Oportunizar uma crian\u00e7a ouvir, n\u00e3o \u00e9 apenas devolver um dos cinco sentidos, mas empoderar o desenvolvimento e a autonomia. Esse \u00e9 o servi\u00e7o que vem sendo realizado pela FUMSSAR, atrav\u00e9s do CER II &#8211; Centro Especializado em Reabilita\u00e7\u00e3o Auditiva e Intelectual de Santa Rosa. O atendimento ocorre por meio do processo de reabilita\u00e7\u00e3o auditiva de beb\u00eas e crian\u00e7as com defici\u00eancia auditiva.<\/p>\n\n\n\n<p>Na Reabilita\u00e7\u00e3o Auditiva v\u00e1rios servi\u00e7os s\u00e3o disponibilizados, desde a avalia\u00e7\u00e3o audiol\u00f3gica, teste da orelhinha e linguinha at\u00e9 a adapta\u00e7\u00e3o de pr\u00f3teses auditivas, fornecimento de sistema FM e exame de PEATE\/BERA (Potencial evocado auditivo de tronco encef\u00e1lico). O CER II Santa Rosa oferece ainda acompanhamento peri\u00f3dico, terapia fonoaudiol\u00f3gica e grupo de pais de crian\u00e7as com defici\u00eancia auditiva.  A equipe interdisciplinar mant\u00e9m orienta\u00e7\u00f5es aos familiares e demais institui\u00e7\u00f5es vinculadas ao usu\u00e1rio de aparelhos auditivos com o objetivo da integralidade do cuidado. A reabilita\u00e7\u00e3o auditiva de beb\u00eas e crian\u00e7as, a interven\u00e7\u00e3o inicia desde o Teste da Orelhinha (TAN), onde se detecta a suspeita de defici\u00eancia auditiva. Depois de detectada a suspeita, v\u00e1rios exames s\u00e3o realizados para a confirma\u00e7\u00e3o do diagn\u00f3stico.  Se confirmada a defici\u00eancia auditiva, ap\u00f3s a avalia\u00e7\u00e3o m\u00e9dica, \u00e9 realizada a sele\u00e7\u00e3o e coloca\u00e7\u00e3o das pr\u00f3teses auditivas e a terapia fonoaudiol\u00f3gica se inicia de imediato.<\/p>\n\n\n\n<p>Quanto mais cedo a crian\u00e7a for diagnosticada, melhor ser\u00e1 o progn\u00f3stico, considerando que quanto antes estimulada, mais rapidamente ela vai desenvolver a fala. Caso a crian\u00e7a tenha passado no Teste da Orelhinha, mas os pais ou professores desconfiem que a crian\u00e7a n\u00e3o esteja ouvindo bem, \u00e9 poss\u00edvel agendar na UBS de refer\u00eancia da fam\u00edlia exames auditivos para checar a audi\u00e7\u00e3o dela. \u201cO Teste da Orelhinha \u00e9 apenas o primeiro passo do diagn\u00f3stico da defici\u00eancia auditiva de beb\u00eas. Ap\u00f3s a falha no teste vem o diagn\u00f3stico e a interven\u00e7\u00e3o. Corremos contra o tempo. Quanto antes a interven\u00e7\u00e3o ocorrer, maiores s\u00e3o as chances do desenvolvimento da fala\u201d, exp\u00f5e a fonoaudi\u00f3loga do CER II, \u00c2ngela Leusin Mattiazzi.<\/p>\n\n\n\n<p>O CER II atende 06 mun\u00edcipios credenciados (Santa Rosa, Alecrim, Campina das Miss\u00f5es, Porto Mau\u00e1, Porto Vera Cruz e S\u00e3o Paulo das Miss\u00f5es) e as transfer\u00eancias vindas de Iju\u00ed (Pr\u00f3Audi). S\u00e3o atendidos usu\u00e1rios de todas as faixas et\u00e1rias. S\u00f3 em aparelhos auditivos foram 724 entregas de janeiro at\u00e9 dezembro de 2021. \u201cOs pacientes recebem, do diagn\u00f3stico at\u00e9 a adapta\u00e7\u00e3o, um atendimento com foco na aten\u00e7\u00e3o e no cuidado\u201d, destaca D\u00e9lcio Stefan, presidente da FUMSSAR. S\u00e3o sinais de que a crian\u00e7a possa ter perda auditiva: ver TV com volume muito alto; pedir para repetir v\u00e1rias vezes; n\u00e3o ouvir sons como porta batendo, campainha, telefone tocando; n\u00e3o ouvir quando chamam; zumbido (ouvir um \u201cbarulho\u201d ou \u201capito no ouvido\u201d).<\/p>\n\n\n\n<p> O Centro Especializado em Reabilita\u00e7\u00e3o Auditiva e Intelectual fica localizado na Rua Sergipe, 127 &#8211; Santa Rosa e o telefone para contato \u00e9 o: (55) 3513 \u2013 5187.<\/p>\n\n\n\n<ul class=\"wp-block-gallery columns-2 is-cropped wp-block-gallery-1 is-layout-flex wp-block-gallery-is-layout-flex\"><li class=\"blocks-gallery-item\"><figure><img loading=\"lazy\" decoding=\"async\" width=\"1024\" height=\"1024\" src=\"https:\/\/www.fumssar.com.br\/wp-content\/uploads\/2021\/12\/01-1024x1024.png\" alt=\"\" data-id=\"19897\" data-link=\"https:\/\/www.fumssar.com.br\/?attachment_id=19897\" class=\"wp-image-19897\" srcset=\"https:\/\/www.fumssar.com.br\/wp-content\/uploads\/2021\/12\/01-1024x1024.png 1024w, https:\/\/www.fumssar.com.br\/wp-content\/uploads\/2021\/12\/01-150x150.png 150w, https:\/\/www.fumssar.com.br\/wp-content\/uploads\/2021\/12\/01-300x300.png 300w, https:\/\/www.fumssar.com.br\/wp-content\/uploads\/2021\/12\/01-768x768.png 768w, https:\/\/www.fumssar.com.br\/wp-content\/uploads\/2021\/12\/01.png 1080w\" sizes=\"(max-width: 1024px) 100vw, 1024px\" \/><\/figure><\/li><li class=\"blocks-gallery-item\"><figure><img loading=\"lazy\" decoding=\"async\" width=\"1024\" height=\"1024\" src=\"https:\/\/www.fumssar.com.br\/wp-content\/uploads\/2021\/12\/02-1024x1024.png\" alt=\"\" data-id=\"19898\" data-link=\"https:\/\/www.fumssar.com.br\/?attachment_id=19898\" class=\"wp-image-19898\" srcset=\"https:\/\/www.fumssar.com.br\/wp-content\/uploads\/2021\/12\/02-1024x1024.png 1024w, https:\/\/www.fumssar.com.br\/wp-content\/uploads\/2021\/12\/02-150x150.png 150w, https:\/\/www.fumssar.com.br\/wp-content\/uploads\/2021\/12\/02-300x300.png 300w, https:\/\/www.fumssar.com.br\/wp-content\/uploads\/2021\/12\/02-768x768.png 768w, https:\/\/www.fumssar.com.br\/wp-content\/uploads\/2021\/12\/02.png 1080w\" sizes=\"(max-width: 1024px) 100vw, 1024px\" \/><\/figure><\/li><li class=\"blocks-gallery-item\"><figure><img loading=\"lazy\" decoding=\"async\" width=\"1024\" height=\"1024\" src=\"https:\/\/www.fumssar.com.br\/wp-content\/uploads\/2021\/12\/03-1024x1024.png\" alt=\"\" data-id=\"19899\" data-link=\"https:\/\/www.fumssar.com.br\/?attachment_id=19899\" class=\"wp-image-19899\" srcset=\"https:\/\/www.fumssar.com.br\/wp-content\/uploads\/2021\/12\/03-1024x1024.png 1024w, https:\/\/www.fumssar.com.br\/wp-content\/uploads\/2021\/12\/03-150x150.png 150w, https:\/\/www.fumssar.com.br\/wp-content\/uploads\/2021\/12\/03-300x300.png 300w, https:\/\/www.fumssar.com.br\/wp-content\/uploads\/2021\/12\/03-768x768.png 768w, https:\/\/www.fumssar.com.br\/wp-content\/uploads\/2021\/12\/03.png 1080w\" sizes=\"(max-width: 1024px) 100vw, 1024px\" \/><\/figure><\/li><li class=\"blocks-gallery-item\"><figure><img loading=\"lazy\" decoding=\"async\" width=\"1024\" height=\"1024\" src=\"https:\/\/www.fumssar.com.br\/wp-content\/uploads\/2021\/12\/04-2-1024x1024.png\" alt=\"\" data-id=\"19900\" data-link=\"https:\/\/www.fumssar.com.br\/?attachment_id=19900\" class=\"wp-image-19900\" srcset=\"https:\/\/www.fumssar.com.br\/wp-content\/uploads\/2021\/12\/04-2-1024x1024.png 1024w, https:\/\/www.fumssar.com.br\/wp-content\/uploads\/2021\/12\/04-2-150x150.png 150w, https:\/\/www.fumssar.com.br\/wp-content\/uploads\/2021\/12\/04-2-300x300.png 300w, https:\/\/www.fumssar.com.br\/wp-content\/uploads\/2021\/12\/04-2-768x768.png 768w, https:\/\/www.fumssar.com.br\/wp-content\/uploads\/2021\/12\/04-2.png 1080w\" sizes=\"(max-width: 1024px) 100vw, 1024px\" \/><\/figure><\/li><\/ul>\n","protected":false},"excerpt":{"rendered":"<p>&#8220;A Audi\u00e7\u00e3o \u00e9 importante n\u00e3o s\u00f3 para a comunica\u00e7\u00e3o e orienta\u00e7\u00e3o espacial, mas tamb\u00e9m para&#8230;<\/p>\n","protected":false},"author":36,"featured_media":19895,"comment_status":"closed","ping_status":"closed","sticky":false,"template":"","format":"standard","meta":{"footnotes":""},"categories":[2],"tags":[],"_links":{"self":[{"href":"https:\/\/www.fumssar.com.br\/index.php?rest_route=\/wp\/v2\/posts\/19894"}],"collection":[{"href":"https:\/\/www.fumssar.com.br\/index.php?rest_route=\/wp\/v2\/posts"}],"about":[{"href":"https:\/\/www.fumssar.com.br\/index.php?rest_route=\/wp\/v2\/types\/post"}],"author":[{"embeddable":true,"href":"https:\/\/www.fumssar.com.br\/index.php?rest_route=\/wp\/v2\/users\/36"}],"replies":[{"embeddable":true,"href":"https:\/\/www.fumssar.com.br\/index.php?rest_route=%2Fwp%2Fv2%2Fcomments&post=19894"}],"version-history":[{"count":1,"href":"https:\/\/www.fumssar.com.br\/index.php?rest_route=\/wp\/v2\/posts\/19894\/revisions"}],"predecessor-version":[{"id":19901,"href":"https:\/\/www.fumssar.com.br\/index.php?rest_route=\/wp\/v2\/posts\/19894\/revisions\/19901"}],"wp:featuredmedia":[{"embeddable":true,"href":"https:\/\/www.fumssar.com.br\/index.php?rest_route=\/wp\/v2\/media\/19895"}],"wp:attachment":[{"href":"https:\/\/www.fumssar.com.br\/index.php?rest_route=%2Fwp%2Fv2%2Fmedia&parent=19894"}],"wp:term":[{"taxonomy":"category","embeddable":true,"href":"https:\/\/www.fumssar.com.br\/index.php?rest_route=%2Fwp%2Fv2%2Fcategories&post=19894"},{"taxonomy":"post_tag","embeddable":true,"href":"https:\/\/www.fumssar.com.br\/index.php?rest_route=%2Fwp%2Fv2%2Ftags&post=19894"}],"curies":[{"name":"wp","href":"https:\/\/api.w.org\/{rel}","templated":true}]}}