{"id":1989,"date":"2014-07-02T20:26:32","date_gmt":"2014-07-02T20:26:32","guid":{"rendered":"http:\/\/www.fumssar.com.br\/?p=1989"},"modified":"2024-10-07T16:36:18","modified_gmt":"2024-10-07T19:36:18","slug":"direcao-da-fumssar-visitou-obras-em-andamento-2","status":"publish","type":"post","link":"https:\/\/www.fumssar.com.br\/?p=1989","title":{"rendered":"Dire\u00e7\u00e3o da FUMSSAR visitou obras em andamento"},"content":{"rendered":"<p><a href=\"http:\/\/www.fumssar.com.br\/wp-content\/uploads\/2014\/07\/obras-22.jpg\"><img loading=\"lazy\" decoding=\"async\" class=\"alignnone size-medium wp-image-1991\" alt=\"obras 2\" src=\"http:\/\/www.fumssar.com.br\/wp-content\/uploads\/2014\/07\/obras-22-300x225.jpg\" width=\"300\" height=\"225\" srcset=\"https:\/\/www.fumssar.com.br\/wp-content\/uploads\/2014\/07\/obras-22-300x225.jpg 300w, https:\/\/www.fumssar.com.br\/wp-content\/uploads\/2014\/07\/obras-22.jpg 640w\" sizes=\"(max-width: 300px) 100vw, 300px\" \/><\/a><a href=\"http:\/\/www.fumssar.com.br\/wp-content\/uploads\/2014\/07\/obras-31.jpg\"><img loading=\"lazy\" decoding=\"async\" class=\"alignnone size-medium wp-image-1992\" alt=\"obras 3\" src=\"http:\/\/www.fumssar.com.br\/wp-content\/uploads\/2014\/07\/obras-31-300x225.jpg\" width=\"300\" height=\"225\" srcset=\"https:\/\/www.fumssar.com.br\/wp-content\/uploads\/2014\/07\/obras-31-300x225.jpg 300w, https:\/\/www.fumssar.com.br\/wp-content\/uploads\/2014\/07\/obras-31.jpg 640w\" sizes=\"(max-width: 300px) 100vw, 300px\" \/><\/a> Esta semana o Presidente da Funda\u00e7\u00e3o Municipal de Sa\u00fade Dr. Lu\u00eds Ant\u00f4nio Benvegn\u00fa e o Diretor de Gest\u00e3o Administrativa Aldair Melchior visitaram as obras da FUMSSAR. No momento, est\u00e3o em andamento as reformas\/amplia\u00e7\u00f5es das unidades b\u00e1sicas de sa\u00fade Centro, Pereira e Planalto. Segundo Melchior, os investimentos nestas obras chegam a R$ 1 milh\u00e3o. Melchior destaca ainda, que est\u00e1 em fase de conclus\u00e3o a nova sede da FUMSSAR, onde funcionar\u00e1 tamb\u00e9m o Centro de Especialidades, com cerca de 1.350 metros quadrados de \u00e1rea constru\u00edda e um investimento que chega pr\u00f3ximo a R$ 1,4 milh\u00f5es. Al\u00e9m destas obras, est\u00e3o em fase de conclus\u00e3o as Academias de Sa\u00fade nos Bairros Gl\u00f3ria e Oliveira, com investimento de aproximadamente R$ 200 mil. Benvegn\u00fa afirmou que estas obras totalizam R$ 2.5 milh\u00f5es em recursos e cerca de 3.300 metros entre \u00e1rea constru\u00edda e\/ou reformada. O presidente da FUMSSAR destacou ainda que a atual administra\u00e7\u00e3o, na \u00e1rea de sa\u00fade concluiu tr\u00eas unidades de sa\u00fade (Esperan\u00e7a, Cruzeiro e J\u00falio de Oliveira), al\u00e9m da UPA, e mais quatro academias, entre elas, Petr\u00f3polis, Timba\u00fava, Esperan\u00e7a e Cruzeiro do Sul, totalizando R$ 4.6 milh\u00f5es em investimentos. Benvegn\u00fa ressaltou que existem outras obras projetadas tais como a constru\u00e7\u00e3o do CER- Centro Especializado de Reabilita\u00e7\u00e3o, do CEREST- Centro Regional em Sa\u00fade do Trabalhador, a reforma do Hemocentro e a constru\u00e7\u00e3o de uma Academia de Sa\u00fade na Vila J\u00falio de Oliveira, sendo que o investimento chegar\u00e1 pr\u00f3ximo a R$ 3 milh\u00f5es. \u201cQuando concluirmos as obras em andamento e as previstas, iremos ultrapassar os R$ 10 milh\u00f5es em obras para a sa\u00fade\u201d frisou Benvegn\u00fa. Segundo o Presidente, estes investimentos ir\u00e3o qualificar ainda mais o atendimento na rede b\u00e1sica de sa\u00fade do munic\u00edpio.<\/p>\n","protected":false},"excerpt":{"rendered":"<p>Esta semana o Presidente da Funda\u00e7\u00e3o Municipal de Sa\u00fade Dr. Lu\u00eds Ant\u00f4nio Benvegn\u00fa e o&#8230;<\/p>\n","protected":false},"author":11,"featured_media":1990,"comment_status":"open","ping_status":"open","sticky":false,"template":"","format":"standard","meta":{"footnotes":""},"categories":[2],"tags":[],"_links":{"self":[{"href":"https:\/\/www.fumssar.com.br\/index.php?rest_route=\/wp\/v2\/posts\/1989"}],"collection":[{"href":"https:\/\/www.fumssar.com.br\/index.php?rest_route=\/wp\/v2\/posts"}],"about":[{"href":"https:\/\/www.fumssar.com.br\/index.php?rest_route=\/wp\/v2\/types\/post"}],"author":[{"embeddable":true,"href":"https:\/\/www.fumssar.com.br\/index.php?rest_route=\/wp\/v2\/users\/11"}],"replies":[{"embeddable":true,"href":"https:\/\/www.fumssar.com.br\/index.php?rest_route=%2Fwp%2Fv2%2Fcomments&post=1989"}],"version-history":[{"count":1,"href":"https:\/\/www.fumssar.com.br\/index.php?rest_route=\/wp\/v2\/posts\/1989\/revisions"}],"predecessor-version":[{"id":1994,"href":"https:\/\/www.fumssar.com.br\/index.php?rest_route=\/wp\/v2\/posts\/1989\/revisions\/1994"}],"wp:featuredmedia":[{"embeddable":true,"href":"https:\/\/www.fumssar.com.br\/index.php?rest_route=\/wp\/v2\/media\/1990"}],"wp:attachment":[{"href":"https:\/\/www.fumssar.com.br\/index.php?rest_route=%2Fwp%2Fv2%2Fmedia&parent=1989"}],"wp:term":[{"taxonomy":"category","embeddable":true,"href":"https:\/\/www.fumssar.com.br\/index.php?rest_route=%2Fwp%2Fv2%2Fcategories&post=1989"},{"taxonomy":"post_tag","embeddable":true,"href":"https:\/\/www.fumssar.com.br\/index.php?rest_route=%2Fwp%2Fv2%2Ftags&post=1989"}],"curies":[{"name":"wp","href":"https:\/\/api.w.org\/{rel}","templated":true}]}}