{"id":19886,"date":"2021-12-20T16:22:43","date_gmt":"2021-12-20T19:22:43","guid":{"rendered":"http:\/\/www.fumssar.com.br\/?p=19886"},"modified":"2024-10-07T16:33:42","modified_gmt":"2024-10-07T19:33:42","slug":"santa-rosa-continua-campanha-vacina-ja-contra-a-covid-19","status":"publish","type":"post","link":"https:\/\/www.fumssar.com.br\/?p=19886","title":{"rendered":"Santa Rosa continua campanha \u201cVacina J\u00e1\u201d &#8211; contra a COVID-19"},"content":{"rendered":"\n<figure class=\"wp-block-image\"><img loading=\"lazy\" decoding=\"async\" width=\"576\" height=\"1024\" src=\"https:\/\/www.fumssar.com.br\/wp-content\/uploads\/2021\/12\/Blue-Playful-Covid-19-Lets-Get-Vaccinated-Instagram-Post-Story-do-Instagram-2-576x1024.png\" alt=\"\" class=\"wp-image-19887\" srcset=\"https:\/\/www.fumssar.com.br\/wp-content\/uploads\/2021\/12\/Blue-Playful-Covid-19-Lets-Get-Vaccinated-Instagram-Post-Story-do-Instagram-2-576x1024.png 576w, https:\/\/www.fumssar.com.br\/wp-content\/uploads\/2021\/12\/Blue-Playful-Covid-19-Lets-Get-Vaccinated-Instagram-Post-Story-do-Instagram-2-169x300.png 169w, https:\/\/www.fumssar.com.br\/wp-content\/uploads\/2021\/12\/Blue-Playful-Covid-19-Lets-Get-Vaccinated-Instagram-Post-Story-do-Instagram-2-768x1365.png 768w, https:\/\/www.fumssar.com.br\/wp-content\/uploads\/2021\/12\/Blue-Playful-Covid-19-Lets-Get-Vaccinated-Instagram-Post-Story-do-Instagram-2-1024x1820.png 1024w, https:\/\/www.fumssar.com.br\/wp-content\/uploads\/2021\/12\/Blue-Playful-Covid-19-Lets-Get-Vaccinated-Instagram-Post-Story-do-Instagram-2.png 1080w\" sizes=\"(max-width: 576px) 100vw, 576px\" \/><\/figure>\n\n\n\n<p>A Funda\u00e7\u00e3o Municipal de Sa\u00fade de Santa Rosa informa que durante esta semana, de segunda \u00e0 quinta-feira, dos dias 20 a 23 vai ser realizada uma campanha de vacina\u00e7\u00e3o contra a COVID-19. A campanha \u201cVacina J\u00e1: \u00e9 hora de se proteger\u201d vai acontecer todas as noites, das 18h30 \u00e0s 21h30, na Pra\u00e7a da Bandeira. A aplica\u00e7\u00e3o n\u00e3o precisa ser agendada previamente, o atendimento vai ocorrer por ordem de chegada. V\u00e3o ser realizadas todas as doses: dose um (D1), dose dois (D2) e a dose de refor\u00e7o (DR). Outra informa\u00e7\u00e3o importante \u00e9 que o intervalo para a realiza\u00e7\u00e3o da dose de refor\u00e7o dos imunizantes: Coronavac, AstraZeneca e Pfizer passou a ser de 4 meses ap\u00f3s a segunda dose. <\/p>\n\n\n\n<p><br>Al\u00e9m das doses realizadas pela Unidade M\u00f3vel no per\u00edodo noturno, a vacina\u00e7\u00e3o continua dispon\u00edvel diariamente de segunda a sexta-feira, das 07h30 \u00e0s 11h00 e das 13h30 \u00e0s 17h00 na Central de Vacinas da FUMSSAR e na UBS Pereira. A Central de Vacina\u00e7\u00e3o da FUMSSAR fica localizada na Rua Dr. Francisco Timm, 480 centro, no subsolo (entrada pela lateral) e a UBS Pereira, na Rua Augusto Pestana, 338, Pereira (entrada pela lateral). As primeiras doses (D1) v\u00e3o ser realizadas, por faixa et\u00e1ria, para pessoas a partir dos 12 anos. As segundas doses (D2) de Coronavac s\u00e3o realizadas ap\u00f3s 28 dias da primeira dose. Astrazeneca e Pfizer, ap\u00f3s oito semanas da primeira aplica\u00e7\u00e3o. As doses de refor\u00e7o (DR) est\u00e3o dispon\u00edveis para pessoas acima de 18 anos que realizaram a segunda dose h\u00e1 04 meses. No caso do imunizante da Janssen, a Dose de Refor\u00e7o \u00e9 realizada com um intervalo de 2 a 6 meses ap\u00f3s a primeira dose. Os moradores de Santa Rosa que forem se vacinar precisam levar documento com foto, CPF, cart\u00e3o SUS e a caderneta de vacina\u00e7\u00e3o. Os jovens a partir de 14 anos, precisam ir acompanhados dos pais ou respons\u00e1vel legal. <br><br>At\u00e9 o momento, j\u00e1 foram realizadas 128.047 vacinas. Do total, 61.398 foram de D1 (Primeira Dose), essa quantidade corresponde a 83% da popula\u00e7\u00e3o vacinada, 54.358 de D2 (Segunda Dose) e 2.264 de Janssen, sendo assim temos 56.622 pessoas com a imuniza\u00e7\u00e3o completa, 77% dos santa-rosenses. Al\u00e9m disso, j\u00e1 foram aplicadas tamb\u00e9m, 10.027 Doses de Refor\u00e7o (DR).<\/p>\n","protected":false},"excerpt":{"rendered":"<p>A Funda\u00e7\u00e3o Municipal de Sa\u00fade de Santa Rosa informa que durante esta semana, de segunda&#8230;<\/p>\n","protected":false},"author":36,"featured_media":19887,"comment_status":"closed","ping_status":"closed","sticky":false,"template":"","format":"standard","meta":{"footnotes":""},"categories":[152,2],"tags":[],"_links":{"self":[{"href":"https:\/\/www.fumssar.com.br\/index.php?rest_route=\/wp\/v2\/posts\/19886"}],"collection":[{"href":"https:\/\/www.fumssar.com.br\/index.php?rest_route=\/wp\/v2\/posts"}],"about":[{"href":"https:\/\/www.fumssar.com.br\/index.php?rest_route=\/wp\/v2\/types\/post"}],"author":[{"embeddable":true,"href":"https:\/\/www.fumssar.com.br\/index.php?rest_route=\/wp\/v2\/users\/36"}],"replies":[{"embeddable":true,"href":"https:\/\/www.fumssar.com.br\/index.php?rest_route=%2Fwp%2Fv2%2Fcomments&post=19886"}],"version-history":[{"count":1,"href":"https:\/\/www.fumssar.com.br\/index.php?rest_route=\/wp\/v2\/posts\/19886\/revisions"}],"predecessor-version":[{"id":19888,"href":"https:\/\/www.fumssar.com.br\/index.php?rest_route=\/wp\/v2\/posts\/19886\/revisions\/19888"}],"wp:featuredmedia":[{"embeddable":true,"href":"https:\/\/www.fumssar.com.br\/index.php?rest_route=\/wp\/v2\/media\/19887"}],"wp:attachment":[{"href":"https:\/\/www.fumssar.com.br\/index.php?rest_route=%2Fwp%2Fv2%2Fmedia&parent=19886"}],"wp:term":[{"taxonomy":"category","embeddable":true,"href":"https:\/\/www.fumssar.com.br\/index.php?rest_route=%2Fwp%2Fv2%2Fcategories&post=19886"},{"taxonomy":"post_tag","embeddable":true,"href":"https:\/\/www.fumssar.com.br\/index.php?rest_route=%2Fwp%2Fv2%2Ftags&post=19886"}],"curies":[{"name":"wp","href":"https:\/\/api.w.org\/{rel}","templated":true}]}}