{"id":19860,"date":"2021-12-15T11:27:01","date_gmt":"2021-12-15T14:27:01","guid":{"rendered":"http:\/\/www.fumssar.com.br\/?p=19860"},"modified":"2021-12-15T11:27:03","modified_gmt":"2021-12-15T14:27:03","slug":"chamamento-publico-05-2021","status":"publish","type":"post","link":"https:\/\/www.fumssar.com.br\/?p=19860","title":{"rendered":"Chamamento P\u00fablico 05\/2021"},"content":{"rendered":"\n<p>CONTRATANTE: Funda\u00e7\u00e3o Municipal de Sa\u00fade de Santa Rosa \u2013 FUMSSAR<br>\nOBJETO: CREDENCIAMENTO DE PESSOAS JUR\u00cdDICAS PARA PRESTA\u00c7\u00c3O DE SERVI\u00c7OS NA \u00c1REA DE AN\u00c1LISES CL\u00cdNICAS (LABORAT\u00d3RIOS), SERVI\u00c7OS HOSPITALARES E SERVI\u00c7OS AMBULATORIAIS (TRAUMATO\/ORTOPEDIA).<br>\nVALORES: Conforme Tabela de Valores SUS e Tabela de Valores Diferenciados Fumssar.<br>\nPER\u00cdODO PARA CREDENCIAMENTO: 15 dias a partir da publica\u00e7\u00e3o deste, podendo ser prorrogado, a crit\u00e9rio da Administra\u00e7\u00e3o;<br>\nFUNDAMENTO LEGAL: Constitui\u00e7\u00e3o Federal, arts. 196 e seguintes, da Lei Federal n\u00ba 8.080\/1990 e n\u00ba 8.142\/1990, normas gerais da Lei Federal n\u00ba 8.666\/1993.<\/p>\n\n\n\n<p>A \u00edntegra do presente Edital est\u00e1 dispon\u00edvel na Sede Administrativa da FUMSSAR, sito Rua Dr. Francisco Timm, 480, Centro, Santa Rosa, RS e no site da Fumssar: www.fumssar.com.br  Telefone para contato: (55)3513-5102.<\/p>\n\n\n\n<p>Santa Rosa, 15 de Dezembro de 2021.<\/p>\n\n\n\n<div class=\"wp-block-file\"><a href=\"http:\/\/www.fumssar.com.br\/wp-content\/uploads\/2021\/12\/05-2021-Extrato-Edital-de-Chamamento-P\u00fablico-n\u00ba-05.2021.pdf\">05-2021-Extrato-Edital-de-Chamamento-P\u00fablico-n\u00ba-05.2021<\/a><a href=\"http:\/\/www.fumssar.com.br\/wp-content\/uploads\/2021\/12\/05-2021-Extrato-Edital-de-Chamamento-P\u00fablico-n\u00ba-05.2021.pdf\" class=\"wp-block-file__button\" download>Baixar<\/a><\/div>\n\n\n\n<div class=\"wp-block-file\"><a href=\"http:\/\/www.fumssar.com.br\/wp-content\/uploads\/2021\/12\/05-2021-AN\u00c1LISES-CL\u00cdNICAS-_-SERVI\u00c7OS-HOSPITALARES-_-SERVI\u00c7OS-AMBULATORIAIS-TRAUMATO-ORTOPEDIA.pdf\">05-2021-AN\u00c1LISES-CL\u00cdNICAS-_-SERVI\u00c7OS-HOSPITALARES-_-SERVI\u00c7OS-AMBULATORIAIS-TRAUMATO-ORTOPEDIA<\/a><a href=\"http:\/\/www.fumssar.com.br\/wp-content\/uploads\/2021\/12\/05-2021-AN\u00c1LISES-CL\u00cdNICAS-_-SERVI\u00c7OS-HOSPITALARES-_-SERVI\u00c7OS-AMBULATORIAIS-TRAUMATO-ORTOPEDIA.pdf\" class=\"wp-block-file__button\" download>Baixar<\/a><\/div>\n\n\n\n<pre class=\"wp-block-code\"><code>               <\/code><\/pre>\n","protected":false},"excerpt":{"rendered":"<p>CONTRATANTE: Funda\u00e7\u00e3o Municipal de Sa\u00fade de Santa Rosa \u2013 FUMSSAR OBJETO: CREDENCIAMENTO DE PESSOAS JUR\u00cdDICAS&#8230;<\/p>\n","protected":false},"author":39,"featured_media":0,"comment_status":"open","ping_status":"open","sticky":false,"template":"","format":"standard","meta":{"footnotes":""},"categories":[172],"tags":[],"_links":{"self":[{"href":"https:\/\/www.fumssar.com.br\/index.php?rest_route=\/wp\/v2\/posts\/19860"}],"collection":[{"href":"https:\/\/www.fumssar.com.br\/index.php?rest_route=\/wp\/v2\/posts"}],"about":[{"href":"https:\/\/www.fumssar.com.br\/index.php?rest_route=\/wp\/v2\/types\/post"}],"author":[{"embeddable":true,"href":"https:\/\/www.fumssar.com.br\/index.php?rest_route=\/wp\/v2\/users\/39"}],"replies":[{"embeddable":true,"href":"https:\/\/www.fumssar.com.br\/index.php?rest_route=%2Fwp%2Fv2%2Fcomments&post=19860"}],"version-history":[{"count":1,"href":"https:\/\/www.fumssar.com.br\/index.php?rest_route=\/wp\/v2\/posts\/19860\/revisions"}],"predecessor-version":[{"id":19865,"href":"https:\/\/www.fumssar.com.br\/index.php?rest_route=\/wp\/v2\/posts\/19860\/revisions\/19865"}],"wp:attachment":[{"href":"https:\/\/www.fumssar.com.br\/index.php?rest_route=%2Fwp%2Fv2%2Fmedia&parent=19860"}],"wp:term":[{"taxonomy":"category","embeddable":true,"href":"https:\/\/www.fumssar.com.br\/index.php?rest_route=%2Fwp%2Fv2%2Fcategories&post=19860"},{"taxonomy":"post_tag","embeddable":true,"href":"https:\/\/www.fumssar.com.br\/index.php?rest_route=%2Fwp%2Fv2%2Ftags&post=19860"}],"curies":[{"name":"wp","href":"https:\/\/api.w.org\/{rel}","templated":true}]}}