{"id":19853,"date":"2021-12-14T08:14:24","date_gmt":"2021-12-14T11:14:24","guid":{"rendered":"http:\/\/www.fumssar.com.br\/?p=19853"},"modified":"2024-10-07T16:33:42","modified_gmt":"2024-10-07T19:33:42","slug":"santa-rosa-aplica-reforco-da-vacina-janssen-na-quarta-feira","status":"publish","type":"post","link":"https:\/\/www.fumssar.com.br\/?p=19853","title":{"rendered":"Santa Rosa aplica refor\u00e7o da vacina Janssen na quarta-feira"},"content":{"rendered":"\n<figure class=\"wp-block-image\"><img loading=\"lazy\" decoding=\"async\" width=\"1024\" height=\"768\" src=\"https:\/\/www.fumssar.com.br\/wp-content\/uploads\/2021\/12\/WhatsApp-Image-2021-12-13-at-15.24.52-1024x768.jpeg\" alt=\"\" class=\"wp-image-19854\" srcset=\"https:\/\/www.fumssar.com.br\/wp-content\/uploads\/2021\/12\/WhatsApp-Image-2021-12-13-at-15.24.52-1024x768.jpeg 1024w, https:\/\/www.fumssar.com.br\/wp-content\/uploads\/2021\/12\/WhatsApp-Image-2021-12-13-at-15.24.52-300x225.jpeg 300w, https:\/\/www.fumssar.com.br\/wp-content\/uploads\/2021\/12\/WhatsApp-Image-2021-12-13-at-15.24.52-768x576.jpeg 768w, https:\/\/www.fumssar.com.br\/wp-content\/uploads\/2021\/12\/WhatsApp-Image-2021-12-13-at-15.24.52.jpeg 1280w\" sizes=\"(max-width: 1024px) 100vw, 1024px\" \/><\/figure>\n\n\n\n<p>A Funda\u00e7\u00e3o Municipal de Sa\u00fade de Santa Rosa informa que vai realizar a aplica\u00e7\u00e3o da dose de refor\u00e7o da Janssen na pr\u00f3xima quarta-feira (15). O imunizante vai ser aplicado em moradores que receberam a vacina h\u00e1 pelo menos dois meses. Para receber a dose de refor\u00e7o da Janssen, v\u00e3o ser distribu\u00eddas senhas ter\u00e7a-feira (14) na Central de Vacinas da FUMSSAR. A aplica\u00e7\u00e3o acontece na quarta-feira, para as pessoas que apresentarem a senha.<\/p>\n\n\n\n<p>A Central de Vacina\u00e7\u00e3o da FUMSSAR, fica localizada na Rua Dr. Francisco Timm, 480, Centro &#8211; entrada pela lateral, no subsolo. O atendimento na quarta-feira, vai ser das 8h \u00e0s 11h da manh\u00e3 e das 13h30 \u00e0s 19h30. As doses s\u00e3o limitadas e v\u00e3o ser aplicadas conforme o quantitativo distribu\u00eddo pela SES\/RS. A FUMSSAR aguarda a chegada de mais doses para completar a aplica\u00e7\u00e3o da dose de refor\u00e7o em todo o p\u00fablico-alvo. De acordo com o Minist\u00e9rio da Sa\u00fade, quem tomou a vacina da Janssen deve tomar a segunda dose do mesmo imunizante em um intervalo de 2 a 6 meses ap\u00f3s a primeira dose. Gestantes e pu\u00e9rperas vacinadas com Janssen devem completar o esquema vacinal com o imunizante da Pfizer no mesmo intervalo.<\/p>\n\n\n\n<p>Para receber a dose de refor\u00e7o, \u00e9 necess\u00e1rio apresentar documento de identifica\u00e7\u00e3o com foto, CPF e a carteira de vacina\u00e7\u00e3o com o registro da vacina da Janssen.<\/p>\n\n\n\n<figure class=\"wp-block-image\"><img loading=\"lazy\" decoding=\"async\" width=\"1024\" height=\"768\" src=\"https:\/\/www.fumssar.com.br\/wp-content\/uploads\/2021\/12\/WhatsApp-Image-2021-12-13-at-15.24.52-1-1024x768.jpeg\" alt=\"\" class=\"wp-image-19855\" srcset=\"https:\/\/www.fumssar.com.br\/wp-content\/uploads\/2021\/12\/WhatsApp-Image-2021-12-13-at-15.24.52-1-1024x768.jpeg 1024w, https:\/\/www.fumssar.com.br\/wp-content\/uploads\/2021\/12\/WhatsApp-Image-2021-12-13-at-15.24.52-1-300x225.jpeg 300w, https:\/\/www.fumssar.com.br\/wp-content\/uploads\/2021\/12\/WhatsApp-Image-2021-12-13-at-15.24.52-1-768x576.jpeg 768w, https:\/\/www.fumssar.com.br\/wp-content\/uploads\/2021\/12\/WhatsApp-Image-2021-12-13-at-15.24.52-1.jpeg 1280w\" sizes=\"(max-width: 1024px) 100vw, 1024px\" \/><\/figure>\n","protected":false},"excerpt":{"rendered":"<p>A Funda\u00e7\u00e3o Municipal de Sa\u00fade de Santa Rosa informa que vai realizar a aplica\u00e7\u00e3o da&#8230;<\/p>\n","protected":false},"author":36,"featured_media":19854,"comment_status":"closed","ping_status":"closed","sticky":false,"template":"","format":"standard","meta":{"footnotes":""},"categories":[152,2],"tags":[],"_links":{"self":[{"href":"https:\/\/www.fumssar.com.br\/index.php?rest_route=\/wp\/v2\/posts\/19853"}],"collection":[{"href":"https:\/\/www.fumssar.com.br\/index.php?rest_route=\/wp\/v2\/posts"}],"about":[{"href":"https:\/\/www.fumssar.com.br\/index.php?rest_route=\/wp\/v2\/types\/post"}],"author":[{"embeddable":true,"href":"https:\/\/www.fumssar.com.br\/index.php?rest_route=\/wp\/v2\/users\/36"}],"replies":[{"embeddable":true,"href":"https:\/\/www.fumssar.com.br\/index.php?rest_route=%2Fwp%2Fv2%2Fcomments&post=19853"}],"version-history":[{"count":1,"href":"https:\/\/www.fumssar.com.br\/index.php?rest_route=\/wp\/v2\/posts\/19853\/revisions"}],"predecessor-version":[{"id":19856,"href":"https:\/\/www.fumssar.com.br\/index.php?rest_route=\/wp\/v2\/posts\/19853\/revisions\/19856"}],"wp:featuredmedia":[{"embeddable":true,"href":"https:\/\/www.fumssar.com.br\/index.php?rest_route=\/wp\/v2\/media\/19854"}],"wp:attachment":[{"href":"https:\/\/www.fumssar.com.br\/index.php?rest_route=%2Fwp%2Fv2%2Fmedia&parent=19853"}],"wp:term":[{"taxonomy":"category","embeddable":true,"href":"https:\/\/www.fumssar.com.br\/index.php?rest_route=%2Fwp%2Fv2%2Fcategories&post=19853"},{"taxonomy":"post_tag","embeddable":true,"href":"https:\/\/www.fumssar.com.br\/index.php?rest_route=%2Fwp%2Fv2%2Ftags&post=19853"}],"curies":[{"name":"wp","href":"https:\/\/api.w.org\/{rel}","templated":true}]}}