{"id":19848,"date":"2021-12-14T08:11:39","date_gmt":"2021-12-14T11:11:39","guid":{"rendered":"http:\/\/www.fumssar.com.br\/?p=19848"},"modified":"2024-10-07T16:33:42","modified_gmt":"2024-10-07T19:33:42","slug":"vacinacao-contra-a-covid-19-disponivel-no-turno-da-noite","status":"publish","type":"post","link":"https:\/\/www.fumssar.com.br\/?p=19848","title":{"rendered":"Vacina\u00e7\u00e3o contra a COVID-19 dispon\u00edvel no turno da noite"},"content":{"rendered":"\n<figure class=\"wp-block-image\"><img loading=\"lazy\" decoding=\"async\" width=\"1024\" height=\"1024\" src=\"https:\/\/www.fumssar.com.br\/wp-content\/uploads\/2021\/12\/2-1024x1024.png\" alt=\"\" class=\"wp-image-19849\" srcset=\"https:\/\/www.fumssar.com.br\/wp-content\/uploads\/2021\/12\/2-1024x1024.png 1024w, https:\/\/www.fumssar.com.br\/wp-content\/uploads\/2021\/12\/2-150x150.png 150w, https:\/\/www.fumssar.com.br\/wp-content\/uploads\/2021\/12\/2-300x300.png 300w, https:\/\/www.fumssar.com.br\/wp-content\/uploads\/2021\/12\/2-768x768.png 768w, https:\/\/www.fumssar.com.br\/wp-content\/uploads\/2021\/12\/2.png 1080w\" sizes=\"(max-width: 1024px) 100vw, 1024px\" \/><\/figure>\n\n\n\n<p>A Funda\u00e7\u00e3o Municipal de Sa\u00fade de Santa Rosa informa que durante esta semana vai estar com uma unidade m\u00f3vel de vacina\u00e7\u00e3o contra a COVID-19 em frente \u00e0 Pra\u00e7a da Bandeira. O atendimento no centro vai acontecer das 18h00 \u00e0s 21h00 todas as noites. O objetivo deste mutir\u00e3o \u00e9 atender a popula\u00e7\u00e3o que n\u00e3o consegue se deslocar em hor\u00e1rio comercial para os demais locais onde a imuniza\u00e7\u00e3o ocorre. V\u00e3o ser realizadas todas as doses: dose um (D1), dose dois (D2) e a dose de refor\u00e7o (DR). O atendimento vai ocorrer por ordem de chegada.<\/p>\n\n\n\n<p>Al\u00e9m das doses realizada pela Unidade M\u00f3vel no per\u00edodo noturno, a vacina\u00e7\u00e3o continua dispon\u00edvel diariamente de segunda a sexta-feira, das 07h30 \u00e0s 11h00 e das 13h30 \u00e0s 17h00 na Central de Vacinas da FUMSSAR e na UBS Pereira. A Central de Vacina\u00e7\u00e3o da FUMSSAR fica localizada na Rua Dr. Francisco Timm, 480 centro, no subsolo (entrada pela lateral) e a UBS Pereira, na Rua Augusto Pestana, 338, Pereira (entrada pela lateral). As primeiras doses (D1) v\u00e3o ser realizadas, por faixa et\u00e1ria, para pessoas a partir dos 12 anos. As segundas doses (D2) de Coronavac com intervalo de 28 dias ap\u00f3s a primeira dose. Astrazeneca e Pfizer, ap\u00f3s oito semanas da primeira aplica\u00e7\u00e3o. As doses de refor\u00e7o (DR) v\u00e3o estar dispon\u00edveis para pessoas acima de 18 anos, que realizaram a segunda dose h\u00e1 05 meses. Os moradores de Santa Rosa que forem se vacinar precisam levar documento com foto, CPF, cart\u00e3o SUS e a caderneta de vacina\u00e7\u00e3o. Os jovens a partir de 14 anos, precisam ir acompanhados dos pais ou respons\u00e1vel legal.<\/p>\n","protected":false},"excerpt":{"rendered":"<p>A Funda\u00e7\u00e3o Municipal de Sa\u00fade de Santa Rosa informa que durante esta semana vai estar&#8230;<\/p>\n","protected":false},"author":36,"featured_media":19849,"comment_status":"closed","ping_status":"closed","sticky":false,"template":"","format":"standard","meta":{"footnotes":""},"categories":[152,2],"tags":[],"_links":{"self":[{"href":"https:\/\/www.fumssar.com.br\/index.php?rest_route=\/wp\/v2\/posts\/19848"}],"collection":[{"href":"https:\/\/www.fumssar.com.br\/index.php?rest_route=\/wp\/v2\/posts"}],"about":[{"href":"https:\/\/www.fumssar.com.br\/index.php?rest_route=\/wp\/v2\/types\/post"}],"author":[{"embeddable":true,"href":"https:\/\/www.fumssar.com.br\/index.php?rest_route=\/wp\/v2\/users\/36"}],"replies":[{"embeddable":true,"href":"https:\/\/www.fumssar.com.br\/index.php?rest_route=%2Fwp%2Fv2%2Fcomments&post=19848"}],"version-history":[{"count":1,"href":"https:\/\/www.fumssar.com.br\/index.php?rest_route=\/wp\/v2\/posts\/19848\/revisions"}],"predecessor-version":[{"id":19850,"href":"https:\/\/www.fumssar.com.br\/index.php?rest_route=\/wp\/v2\/posts\/19848\/revisions\/19850"}],"wp:featuredmedia":[{"embeddable":true,"href":"https:\/\/www.fumssar.com.br\/index.php?rest_route=\/wp\/v2\/media\/19849"}],"wp:attachment":[{"href":"https:\/\/www.fumssar.com.br\/index.php?rest_route=%2Fwp%2Fv2%2Fmedia&parent=19848"}],"wp:term":[{"taxonomy":"category","embeddable":true,"href":"https:\/\/www.fumssar.com.br\/index.php?rest_route=%2Fwp%2Fv2%2Fcategories&post=19848"},{"taxonomy":"post_tag","embeddable":true,"href":"https:\/\/www.fumssar.com.br\/index.php?rest_route=%2Fwp%2Fv2%2Ftags&post=19848"}],"curies":[{"name":"wp","href":"https:\/\/api.w.org\/{rel}","templated":true}]}}