{"id":19842,"date":"2021-12-13T11:15:03","date_gmt":"2021-12-13T14:15:03","guid":{"rendered":"http:\/\/www.fumssar.com.br\/?p=19842"},"modified":"2024-10-07T16:33:42","modified_gmt":"2024-10-07T19:33:42","slug":"fumssar-realiza-encerramento-do-projeto-de-capacitacao-e-planejamento","status":"publish","type":"post","link":"https:\/\/www.fumssar.com.br\/?p=19842","title":{"rendered":"FUMSSAR realiza encerramento do Projeto de Capacita\u00e7\u00e3o e Planejamento"},"content":{"rendered":"\n<figure class=\"wp-block-image\"><img loading=\"lazy\" decoding=\"async\" width=\"1024\" height=\"768\" src=\"https:\/\/www.fumssar.com.br\/wp-content\/uploads\/2021\/12\/WhatsApp-Image-2021-12-10-at-10.16.37-2-1024x768.jpeg\" alt=\"\" class=\"wp-image-19843\" srcset=\"https:\/\/www.fumssar.com.br\/wp-content\/uploads\/2021\/12\/WhatsApp-Image-2021-12-10-at-10.16.37-2-1024x768.jpeg 1024w, https:\/\/www.fumssar.com.br\/wp-content\/uploads\/2021\/12\/WhatsApp-Image-2021-12-10-at-10.16.37-2-300x225.jpeg 300w, https:\/\/www.fumssar.com.br\/wp-content\/uploads\/2021\/12\/WhatsApp-Image-2021-12-10-at-10.16.37-2-768x576.jpeg 768w, https:\/\/www.fumssar.com.br\/wp-content\/uploads\/2021\/12\/WhatsApp-Image-2021-12-10-at-10.16.37-2.jpeg 1280w\" sizes=\"(max-width: 1024px) 100vw, 1024px\" \/><\/figure>\n\n\n\n<p>A Funda\u00e7\u00e3o Municipal de Sa\u00fade de Santa Rosa encerrou na \u00faltima semana, o Projeto de Capacita\u00e7\u00e3o e Planejamento em Sa\u00fade. O ato ocorreu no NEP \u2013 N\u00facleo de Ensino e Pesquisa. O projeto foi elaborado pelas diretorias da FUMSSAR, em parceria com o IFFAR &#8211; Instituto Federal Farroupilha. O objetivo do projeto foi vincular os conhecimentos te\u00f3ricos da administra\u00e7\u00e3o com os processos pr\u00e1ticos, fun\u00e7\u00f5es e tarefas desempenhadas no dia a dia do trabalho na sa\u00fade. <br><br>A monitoria foi realizada pelas estudantes, Tain\u00e1 Schwarz e Larissa Ta\u00eds Horn, como projeto de extens\u00e3o do Lab-do &#8211; Laborat\u00f3rio de Pesquisa e Aplica\u00e7\u00e3o em Gest\u00e3o, Inova\u00e7\u00e3o e Desenvolvimento Organizacional do IFFAR. A capacita\u00e7\u00e3o buscou auxiliar e capacitar os gestores e l\u00edderes da Aten\u00e7\u00e3o Prim\u00e1ria em Sa\u00fade. Dessa forma, foi poss\u00edvel trazer conceitos de gest\u00e3o p\u00fablica e lideran\u00e7a, com ferramentas de planejamento e gest\u00e3o e capacita\u00e7\u00e3o para os processos administrativos necess\u00e1rios da organiza\u00e7\u00e3o. Para o presidente da FUMSSAR, D\u00e9lcio Stefan, a qualifica\u00e7\u00e3o atrav\u00e9s de capacita\u00e7\u00f5es, \u00e9 fundamental para o aperfei\u00e7oamento dos servi\u00e7os, \u201cA boa gest\u00e3o est\u00e1 intimamente ligada a a\u00e7\u00f5es cont\u00ednuas de capacita\u00e7\u00e3o e planejamento, na \u00e1rea da sa\u00fade n\u00e3o \u00e9 diferente. Estamos sempre pensando em novas a\u00e7\u00f5es e projetos que busquem qualificar nossos profissionais\u201d.<br><br>O projeto foi dividido em 06 m\u00f3dulos, totalizando 48 horas de carga hor\u00e1ria. Participaram do projeto todos os coordenadores da Aten\u00e7\u00e3o Prim\u00e1ria em Sa\u00fade. Os m\u00f3dulos foram ministrados por professores do IFFAR e diretores da FUMSSAR. <\/p>\n\n\n\n<figure class=\"wp-block-image\"><img loading=\"lazy\" decoding=\"async\" width=\"1024\" height=\"768\" src=\"https:\/\/www.fumssar.com.br\/wp-content\/uploads\/2021\/12\/WhatsApp-Image-2021-12-10-at-10.16.37-3-1024x768.jpeg\" alt=\"\" class=\"wp-image-19844\" srcset=\"https:\/\/www.fumssar.com.br\/wp-content\/uploads\/2021\/12\/WhatsApp-Image-2021-12-10-at-10.16.37-3-1024x768.jpeg 1024w, https:\/\/www.fumssar.com.br\/wp-content\/uploads\/2021\/12\/WhatsApp-Image-2021-12-10-at-10.16.37-3-300x225.jpeg 300w, https:\/\/www.fumssar.com.br\/wp-content\/uploads\/2021\/12\/WhatsApp-Image-2021-12-10-at-10.16.37-3-768x576.jpeg 768w, https:\/\/www.fumssar.com.br\/wp-content\/uploads\/2021\/12\/WhatsApp-Image-2021-12-10-at-10.16.37-3.jpeg 1280w\" sizes=\"(max-width: 1024px) 100vw, 1024px\" \/><\/figure>\n\n\n\n<figure class=\"wp-block-image\"><img loading=\"lazy\" decoding=\"async\" width=\"1024\" height=\"768\" src=\"https:\/\/www.fumssar.com.br\/wp-content\/uploads\/2021\/12\/WhatsApp-Image-2021-12-10-at-10.16.37-1-1024x768.jpeg\" alt=\"\" class=\"wp-image-19845\" srcset=\"https:\/\/www.fumssar.com.br\/wp-content\/uploads\/2021\/12\/WhatsApp-Image-2021-12-10-at-10.16.37-1-1024x768.jpeg 1024w, https:\/\/www.fumssar.com.br\/wp-content\/uploads\/2021\/12\/WhatsApp-Image-2021-12-10-at-10.16.37-1-300x225.jpeg 300w, https:\/\/www.fumssar.com.br\/wp-content\/uploads\/2021\/12\/WhatsApp-Image-2021-12-10-at-10.16.37-1-768x576.jpeg 768w, https:\/\/www.fumssar.com.br\/wp-content\/uploads\/2021\/12\/WhatsApp-Image-2021-12-10-at-10.16.37-1.jpeg 1280w\" sizes=\"(max-width: 1024px) 100vw, 1024px\" \/><\/figure>\n\n\n\n<figure class=\"wp-block-image\"><img loading=\"lazy\" decoding=\"async\" width=\"1024\" height=\"768\" src=\"https:\/\/www.fumssar.com.br\/wp-content\/uploads\/2021\/12\/WhatsApp-Image-2021-12-10-at-10.16.37-1024x768.jpeg\" alt=\"\" class=\"wp-image-19846\" srcset=\"https:\/\/www.fumssar.com.br\/wp-content\/uploads\/2021\/12\/WhatsApp-Image-2021-12-10-at-10.16.37-1024x768.jpeg 1024w, https:\/\/www.fumssar.com.br\/wp-content\/uploads\/2021\/12\/WhatsApp-Image-2021-12-10-at-10.16.37-300x225.jpeg 300w, https:\/\/www.fumssar.com.br\/wp-content\/uploads\/2021\/12\/WhatsApp-Image-2021-12-10-at-10.16.37-768x576.jpeg 768w, https:\/\/www.fumssar.com.br\/wp-content\/uploads\/2021\/12\/WhatsApp-Image-2021-12-10-at-10.16.37.jpeg 1280w\" sizes=\"(max-width: 1024px) 100vw, 1024px\" \/><\/figure>\n","protected":false},"excerpt":{"rendered":"<p>A Funda\u00e7\u00e3o Municipal de Sa\u00fade de Santa Rosa encerrou na \u00faltima semana, o Projeto de&#8230;<\/p>\n","protected":false},"author":36,"featured_media":19843,"comment_status":"closed","ping_status":"closed","sticky":false,"template":"","format":"standard","meta":{"footnotes":""},"categories":[2],"tags":[],"_links":{"self":[{"href":"https:\/\/www.fumssar.com.br\/index.php?rest_route=\/wp\/v2\/posts\/19842"}],"collection":[{"href":"https:\/\/www.fumssar.com.br\/index.php?rest_route=\/wp\/v2\/posts"}],"about":[{"href":"https:\/\/www.fumssar.com.br\/index.php?rest_route=\/wp\/v2\/types\/post"}],"author":[{"embeddable":true,"href":"https:\/\/www.fumssar.com.br\/index.php?rest_route=\/wp\/v2\/users\/36"}],"replies":[{"embeddable":true,"href":"https:\/\/www.fumssar.com.br\/index.php?rest_route=%2Fwp%2Fv2%2Fcomments&post=19842"}],"version-history":[{"count":1,"href":"https:\/\/www.fumssar.com.br\/index.php?rest_route=\/wp\/v2\/posts\/19842\/revisions"}],"predecessor-version":[{"id":19847,"href":"https:\/\/www.fumssar.com.br\/index.php?rest_route=\/wp\/v2\/posts\/19842\/revisions\/19847"}],"wp:featuredmedia":[{"embeddable":true,"href":"https:\/\/www.fumssar.com.br\/index.php?rest_route=\/wp\/v2\/media\/19843"}],"wp:attachment":[{"href":"https:\/\/www.fumssar.com.br\/index.php?rest_route=%2Fwp%2Fv2%2Fmedia&parent=19842"}],"wp:term":[{"taxonomy":"category","embeddable":true,"href":"https:\/\/www.fumssar.com.br\/index.php?rest_route=%2Fwp%2Fv2%2Fcategories&post=19842"},{"taxonomy":"post_tag","embeddable":true,"href":"https:\/\/www.fumssar.com.br\/index.php?rest_route=%2Fwp%2Fv2%2Ftags&post=19842"}],"curies":[{"name":"wp","href":"https:\/\/api.w.org\/{rel}","templated":true}]}}