{"id":19828,"date":"2021-12-09T08:50:17","date_gmt":"2021-12-09T11:50:17","guid":{"rendered":"http:\/\/www.fumssar.com.br\/?p=19828"},"modified":"2024-10-07T16:33:42","modified_gmt":"2024-10-07T19:33:42","slug":"final-de-semana-sera-de-vacinacao-contra-a-covid-19","status":"publish","type":"post","link":"https:\/\/www.fumssar.com.br\/?p=19828","title":{"rendered":"Final de semana ser\u00e1 de vacina\u00e7\u00e3o contra a COVID-19"},"content":{"rendered":"\n<figure class=\"wp-block-image\"><img loading=\"lazy\" decoding=\"async\" width=\"663\" height=\"1024\" src=\"https:\/\/www.fumssar.com.br\/wp-content\/uploads\/2021\/12\/Panfleto-sobre-Sa\u00fade-Geral-e-Agendamento-de-Vacina-Limpo-e-Negrito-em-Azul-e-Amarelo-663x1024.png\" alt=\"\" class=\"wp-image-19829\" srcset=\"https:\/\/www.fumssar.com.br\/wp-content\/uploads\/2021\/12\/Panfleto-sobre-Sa\u00fade-Geral-e-Agendamento-de-Vacina-Limpo-e-Negrito-em-Azul-e-Amarelo-663x1024.png 663w, https:\/\/www.fumssar.com.br\/wp-content\/uploads\/2021\/12\/Panfleto-sobre-Sa\u00fade-Geral-e-Agendamento-de-Vacina-Limpo-e-Negrito-em-Azul-e-Amarelo-194x300.png 194w, https:\/\/www.fumssar.com.br\/wp-content\/uploads\/2021\/12\/Panfleto-sobre-Sa\u00fade-Geral-e-Agendamento-de-Vacina-Limpo-e-Negrito-em-Azul-e-Amarelo-768x1187.png 768w, https:\/\/www.fumssar.com.br\/wp-content\/uploads\/2021\/12\/Panfleto-sobre-Sa\u00fade-Geral-e-Agendamento-de-Vacina-Limpo-e-Negrito-em-Azul-e-Amarelo-1024x1583.png 1024w, https:\/\/www.fumssar.com.br\/wp-content\/uploads\/2021\/12\/Panfleto-sobre-Sa\u00fade-Geral-e-Agendamento-de-Vacina-Limpo-e-Negrito-em-Azul-e-Amarelo.png 1294w\" sizes=\"(max-width: 663px) 100vw, 663px\" \/><\/figure>\n\n\n\n<p>A Funda\u00e7\u00e3o Municipal de Sa\u00fade de Santa Rosa informa que no pr\u00f3ximo final de semana, no s\u00e1bado (11) e no domingo (12), vai ser realizado mais um mutir\u00e3o de vacina\u00e7\u00e3o contra a COVID-19. V\u00e3o ser realizadas todas as doses: dose um (D1), dose dois (D2) e a dose de refor\u00e7o (DR). N\u00e3o ser\u00e1 necess\u00e1rio o agendamento pr\u00e9vio, pois o atendimento vai ocorrer por ordem de chegada, nos dois dias.<\/p>\n\n\n\n<p>No s\u00e1bado pela manh\u00e3, das 08h00 \u00e0s 12h00 a campanha vai acontecer na Central de Vacinas da FUMSSAR.\u00a0\u00a0A Central de Vacinas fica localizada na Rua Dr. Francisco Timm, 480 centro, no subsolo (entrada pela lateral). No per\u00edodo da tarde, a funda\u00e7\u00e3o vai realizar a imuniza\u00e7\u00e3o com uma Unidade M\u00f3vel de Vacina\u00e7\u00e3o. As doses v\u00e3o ser aplicadas das 15h00 \u00e0s 21h00, na regi\u00e3o central, pr\u00f3ximo ao Stock Center, podendo ir at\u00e9 o Mercado P\u00fablico. No domingo, tamb\u00e9m ser\u00e1 utilizada a Unidade M\u00f3vel, das 15h00 \u00e0s 19h00 no Parque Linear Tape Por\u00e3 e na redondeza.<br><br>As primeiras doses (D1) v\u00e3o ser realizadas, por faixa et\u00e1ria, para pessoas a partir dos 12 anos. As segundas doses (D2) de Coronavac com intervalo de 28 dias ap\u00f3s a primeira dose. Astrazeneca e Pfizer, ap\u00f3s oito semanas da primeira aplica\u00e7\u00e3o. As doses de refor\u00e7o (DR) v\u00e3o estar dispon\u00edveis para pessoas acima de 18 anos, que realizaram a segunda dose h\u00e1 05 meses.<br><br>Os moradores de Santa Rosa que forem se vacinar precisam levar documento com foto, CPF, cart\u00e3o SUS e a caderneta de vacina\u00e7\u00e3o. Os jovens a partir de 14 anos, precisam ir acompanhados dos pais ou respons\u00e1vel legal.<\/p>\n","protected":false},"excerpt":{"rendered":"<p>A Funda\u00e7\u00e3o Municipal de Sa\u00fade de Santa Rosa informa que no pr\u00f3ximo final de semana,&#8230;<\/p>\n","protected":false},"author":36,"featured_media":19829,"comment_status":"closed","ping_status":"closed","sticky":false,"template":"","format":"standard","meta":{"footnotes":""},"categories":[152,2],"tags":[],"_links":{"self":[{"href":"https:\/\/www.fumssar.com.br\/index.php?rest_route=\/wp\/v2\/posts\/19828"}],"collection":[{"href":"https:\/\/www.fumssar.com.br\/index.php?rest_route=\/wp\/v2\/posts"}],"about":[{"href":"https:\/\/www.fumssar.com.br\/index.php?rest_route=\/wp\/v2\/types\/post"}],"author":[{"embeddable":true,"href":"https:\/\/www.fumssar.com.br\/index.php?rest_route=\/wp\/v2\/users\/36"}],"replies":[{"embeddable":true,"href":"https:\/\/www.fumssar.com.br\/index.php?rest_route=%2Fwp%2Fv2%2Fcomments&post=19828"}],"version-history":[{"count":1,"href":"https:\/\/www.fumssar.com.br\/index.php?rest_route=\/wp\/v2\/posts\/19828\/revisions"}],"predecessor-version":[{"id":19830,"href":"https:\/\/www.fumssar.com.br\/index.php?rest_route=\/wp\/v2\/posts\/19828\/revisions\/19830"}],"wp:featuredmedia":[{"embeddable":true,"href":"https:\/\/www.fumssar.com.br\/index.php?rest_route=\/wp\/v2\/media\/19829"}],"wp:attachment":[{"href":"https:\/\/www.fumssar.com.br\/index.php?rest_route=%2Fwp%2Fv2%2Fmedia&parent=19828"}],"wp:term":[{"taxonomy":"category","embeddable":true,"href":"https:\/\/www.fumssar.com.br\/index.php?rest_route=%2Fwp%2Fv2%2Fcategories&post=19828"},{"taxonomy":"post_tag","embeddable":true,"href":"https:\/\/www.fumssar.com.br\/index.php?rest_route=%2Fwp%2Fv2%2Ftags&post=19828"}],"curies":[{"name":"wp","href":"https:\/\/api.w.org\/{rel}","templated":true}]}}