{"id":19822,"date":"2021-12-07T13:38:37","date_gmt":"2021-12-07T16:38:37","guid":{"rendered":"http:\/\/www.fumssar.com.br\/?p=19822"},"modified":"2024-10-07T16:33:42","modified_gmt":"2024-10-07T19:33:42","slug":"14a-conferencia-municipal-de-saude-foi-realizada-em-santa-rosa","status":"publish","type":"post","link":"https:\/\/www.fumssar.com.br\/?p=19822","title":{"rendered":"14\u00aa Confer\u00eancia Municipal de Sa\u00fade foi realizada em Santa Rosa"},"content":{"rendered":"\n<figure class=\"wp-block-image\"><img loading=\"lazy\" decoding=\"async\" width=\"1024\" height=\"768\" src=\"https:\/\/www.fumssar.com.br\/wp-content\/uploads\/2021\/12\/WhatsApp-Image-2021-12-07-at-13.36.23-1024x768.jpeg\" alt=\"\" class=\"wp-image-19823\" srcset=\"https:\/\/www.fumssar.com.br\/wp-content\/uploads\/2021\/12\/WhatsApp-Image-2021-12-07-at-13.36.23-1024x768.jpeg 1024w, https:\/\/www.fumssar.com.br\/wp-content\/uploads\/2021\/12\/WhatsApp-Image-2021-12-07-at-13.36.23-300x225.jpeg 300w, https:\/\/www.fumssar.com.br\/wp-content\/uploads\/2021\/12\/WhatsApp-Image-2021-12-07-at-13.36.23-768x576.jpeg 768w, https:\/\/www.fumssar.com.br\/wp-content\/uploads\/2021\/12\/WhatsApp-Image-2021-12-07-at-13.36.23.jpeg 1280w\" sizes=\"(max-width: 1024px) 100vw, 1024px\" \/><\/figure>\n\n\n\n<p>Aconteceu na \u00faltima sexta-feira (03) e no s\u00e1bado (04), a 14\u00aa Confer\u00eancia Municipal de Sa\u00fade de Santa Rosa.\u00a0\u00a0O evento foi realizado no Centro C\u00edvico Cultural Ant\u00f4nio Carlos Borges e contou com a participa\u00e7\u00e3o de autoridades, profissionais da FUMSSAR, do Conselho Municipal de Sa\u00fade de Santa Rosa, Hospital, Delegados dos Segmentos dos usu\u00e1rios, servidores, profissionais da sa\u00fade e da comunidade santa-rosense. A tem\u00e1tica deste ano foi, &#8220;Participa\u00e7\u00e3o e compromisso com o SUS: voc\u00ea \u00e9 parte dessa hist\u00f3ria&#8221;.<\/p>\n\n\n\n<p>A programa\u00e7\u00e3o contou com v\u00e1rias mesas de debates, que trataram sobre a hist\u00f3ria da constru\u00e7\u00e3o do Sistema \u00danico de Sa\u00fade em Santa Rosa, inclusive as a\u00e7\u00f5es contaram com os \u00faltimos quatro gestores do munic\u00edpio. Os ex-prefeitos trouxeram a p\u00fablico os principais compromissos assumidos em cada gest\u00e3o. Al\u00e9m disso, foram debatidas propostas para melhorar os servi\u00e7os e expectativas para o futuro da sa\u00fade de Santa Rosa. O prefeito Anderson Mantei destacou os compromissos assumidos desde a pr\u00e9-campanha, &#8220;Quando elaboramos nosso plano de governo, recebemos mais de 400 propostas da comunidade. Dentre elas, muitas j\u00e1 foram concretizadas, devido ao planejamento estrat\u00e9gico, como: implementa\u00e7\u00e3o do terceiro turno em duas unidades b\u00e1sicas de sa\u00fade, contempla\u00e7\u00e3o de um Centro Macrorregional de Tratamento do Espectro Autista (TEA) e a moderniza\u00e7\u00e3o dos processos e fluxos&#8221;.<\/p>\n\n\n\n<p>As atividades seguiram durante dois dias, contando com a participa\u00e7\u00e3o da comunidade. Neste ano, o Conselho Municipal de Sa\u00fade de Santa Rosa completa 29 anos de cria\u00e7\u00e3o, tendo grande relev\u00e2ncia nas decis\u00f5es da gest\u00e3o da sa\u00fade em Santa Rosa e a Funda\u00e7\u00e3o Municipal de Sa\u00fade de Santa Rosa, este importante \u00f3rg\u00e3o p\u00fablico, completa seus 26 anos de exist\u00eancia em 2021. A FUMSSAR foi uma ponte estrat\u00e9gica que conseguiu gerir com mais autonomia administrativa e financeira a sa\u00fade do munic\u00edpio.<\/p>\n","protected":false},"excerpt":{"rendered":"<p>Aconteceu na \u00faltima sexta-feira (03) e no s\u00e1bado (04), a 14\u00aa Confer\u00eancia Municipal de Sa\u00fade&#8230;<\/p>\n","protected":false},"author":36,"featured_media":19823,"comment_status":"closed","ping_status":"closed","sticky":false,"template":"","format":"standard","meta":{"footnotes":""},"categories":[2],"tags":[],"_links":{"self":[{"href":"https:\/\/www.fumssar.com.br\/index.php?rest_route=\/wp\/v2\/posts\/19822"}],"collection":[{"href":"https:\/\/www.fumssar.com.br\/index.php?rest_route=\/wp\/v2\/posts"}],"about":[{"href":"https:\/\/www.fumssar.com.br\/index.php?rest_route=\/wp\/v2\/types\/post"}],"author":[{"embeddable":true,"href":"https:\/\/www.fumssar.com.br\/index.php?rest_route=\/wp\/v2\/users\/36"}],"replies":[{"embeddable":true,"href":"https:\/\/www.fumssar.com.br\/index.php?rest_route=%2Fwp%2Fv2%2Fcomments&post=19822"}],"version-history":[{"count":1,"href":"https:\/\/www.fumssar.com.br\/index.php?rest_route=\/wp\/v2\/posts\/19822\/revisions"}],"predecessor-version":[{"id":19824,"href":"https:\/\/www.fumssar.com.br\/index.php?rest_route=\/wp\/v2\/posts\/19822\/revisions\/19824"}],"wp:featuredmedia":[{"embeddable":true,"href":"https:\/\/www.fumssar.com.br\/index.php?rest_route=\/wp\/v2\/media\/19823"}],"wp:attachment":[{"href":"https:\/\/www.fumssar.com.br\/index.php?rest_route=%2Fwp%2Fv2%2Fmedia&parent=19822"}],"wp:term":[{"taxonomy":"category","embeddable":true,"href":"https:\/\/www.fumssar.com.br\/index.php?rest_route=%2Fwp%2Fv2%2Fcategories&post=19822"},{"taxonomy":"post_tag","embeddable":true,"href":"https:\/\/www.fumssar.com.br\/index.php?rest_route=%2Fwp%2Fv2%2Ftags&post=19822"}],"curies":[{"name":"wp","href":"https:\/\/api.w.org\/{rel}","templated":true}]}}