{"id":19804,"date":"2021-12-06T11:11:54","date_gmt":"2021-12-06T14:11:54","guid":{"rendered":"http:\/\/www.fumssar.com.br\/?p=19804"},"modified":"2024-10-07T16:33:42","modified_gmt":"2024-10-07T19:33:42","slug":"fumssar-apresenta-levantamento-de-indice-para-o-aedes-aegypti","status":"publish","type":"post","link":"https:\/\/www.fumssar.com.br\/?p=19804","title":{"rendered":"FUMSSAR apresenta levantamento de \u00cdndice para o Aedes aegypti"},"content":{"rendered":"\n<figure class=\"wp-block-image\"><img loading=\"lazy\" decoding=\"async\" width=\"1024\" height=\"485\" src=\"http:\/\/www.fumssar.com.br\/wp-content\/uploads\/2021\/12\/dengue-1024x485.jpeg\" alt=\"\" class=\"wp-image-19805\" srcset=\"https:\/\/www.fumssar.com.br\/wp-content\/uploads\/2021\/12\/dengue-1024x485.jpeg 1024w, https:\/\/www.fumssar.com.br\/wp-content\/uploads\/2021\/12\/dengue-300x142.jpeg 300w, https:\/\/www.fumssar.com.br\/wp-content\/uploads\/2021\/12\/dengue-768x364.jpeg 768w, https:\/\/www.fumssar.com.br\/wp-content\/uploads\/2021\/12\/dengue.jpeg 1280w\" sizes=\"(max-width: 1024px) 100vw, 1024px\" \/><\/figure>\n\n\n\n<p>A Funda\u00e7\u00e3o Municipal de Sa\u00fade de Santa Rosa, por meio da Vigil\u00e2ncia Ambiental, divulga o resultado do Levantamento de \u00cdndice R\u00e1pido para o Aedes aegypti (LIRAa). O levantamento foi realizado no m\u00eas de novembro em Santa Rosa. O LIRAa \u00e9 uma a\u00e7\u00e3o desenvolvida pelo Minist\u00e9rio da Sa\u00fade que permite a identifica\u00e7\u00e3o de \u00e1reas com maior propor\u00e7\u00e3o\/ocorr\u00eancia de focos, bem como dos criadouros predominantes, indicando o risco de transmiss\u00e3o de dengue, febre de chikungunya e zika v\u00edrus. A atividade \u00e9 realizada periodicamente por meio da visita a um determinado n\u00famero de im\u00f3veis do munic\u00edpio, onde ocorre a coleta de larvas para definir o \u00cdndice de Infesta\u00e7\u00e3o Predial (IIP) e o \u00cdndice de Infesta\u00e7\u00e3o em Dep\u00f3sitos (\u00cdndice de Breteau \u2013 IB).<\/p>\n\n\n\n<p>A 14\u00aa Coordenadoria Regional de Sa\u00fade \u00e9 quem repassa para o Setor das Vigil\u00e2ncias, as datas para realiza\u00e7\u00e3o do LIRAa. Os Supervisores de Campo e Apoio da FUMSSAR realizam o sorteio dos im\u00f3veis por sistema informatizado. No \u00faltimo levantamento realizado, foram sorteados 1.351 im\u00f3veis da cidade. O levantamento \u00e9 dividido em tr\u00eas estratos no munic\u00edpio, 01, 02 e 03, onde os Agentes de Combate as endemias realizam estas vistorias durante a semana indicada pela 14\u00aa CRS. Ao realizar as vistorias, caso os agentes encontrem larvas nas resid\u00eancias, os mesmos recolhem amostras que ap\u00f3s o t\u00e9rmino do levantamento v\u00e3o para an\u00e1lise laboratorial. Ap\u00f3s a an\u00e1lise, os dados s\u00e3o lan\u00e7ados no sistema que fornece o resultado final. De acordo com as Diretrizes Nacionais para Preven\u00e7\u00e3o e Controle de Epidemias de Dengue (2009), os par\u00e2metros para classifica\u00e7\u00e3o dos estratos e dos munic\u00edpios, quanto \u00e0 infesta\u00e7\u00e3o pelo Aedes aegypti s\u00e3o: Menor que 0,9%: Baixo Risco | De 1% e 3,99%: M\u00e9dio Risco | Acima de 3,99%: Alto Risco.<\/p>\n\n\n\n<p>Este \u00faltimo levantamento de novembro, mostrou os seguintes resultados: Estrato 01 = 0, Estrato 02 = 3,4 e Estrato 03 = 1,6, sendo ent\u00e3o a m\u00e9dia geral de Santa Rosa = 1,6, apresentando assim, m\u00e9dio risco para o munic\u00edpio. O Coordenador de Endemias, Alexsandro Johann, destaca que o trabalho de preven\u00e7\u00e3o e fiscaliza\u00e7\u00e3o vem avan\u00e7ando e pede para que a popula\u00e7\u00e3o continue realizando as medidas de preven\u00e7\u00e3o \u00e0 Dengue. &#8220;Assim como no \u00faltimo LIRAa, o munic\u00edpio ficou na categoria de m\u00e9dio risco de infesta\u00e7\u00e3o. No entanto, \u00e9 muito importante que os moradores continuem fazendo sua parte, principalmente nos bairros que contemplam o estrato 02, onde houve uma eleva\u00e7\u00e3o dos par\u00e2metros. Esse extrato compreende os bairros, Jardim Petr\u00f3polis, Cidade Baixa, Timba\u00fava, Gl\u00f3ria, Polivalente, Centro e Flores&#8221;.<br><br>A partir dos resultados deste levantamento, \u00e9 poss\u00edvel identificar as \u00e1reas priorit\u00e1rias para medidas e a\u00e7\u00f5es estrat\u00e9gicas de controle e combate ao mosquito. Dessa forma as equipes da Vigil\u00e2ncia Ambiental agem pontualmente nesses locais para baixar o \u00cdndice R\u00e1pido para o Aedes aegypti.<\/p>\n","protected":false},"excerpt":{"rendered":"<p>A Funda\u00e7\u00e3o Municipal de Sa\u00fade de Santa Rosa, por meio da Vigil\u00e2ncia Ambiental, divulga o&#8230;<\/p>\n","protected":false},"author":36,"featured_media":19805,"comment_status":"closed","ping_status":"closed","sticky":false,"template":"","format":"standard","meta":{"footnotes":""},"categories":[2],"tags":[],"_links":{"self":[{"href":"https:\/\/www.fumssar.com.br\/index.php?rest_route=\/wp\/v2\/posts\/19804"}],"collection":[{"href":"https:\/\/www.fumssar.com.br\/index.php?rest_route=\/wp\/v2\/posts"}],"about":[{"href":"https:\/\/www.fumssar.com.br\/index.php?rest_route=\/wp\/v2\/types\/post"}],"author":[{"embeddable":true,"href":"https:\/\/www.fumssar.com.br\/index.php?rest_route=\/wp\/v2\/users\/36"}],"replies":[{"embeddable":true,"href":"https:\/\/www.fumssar.com.br\/index.php?rest_route=%2Fwp%2Fv2%2Fcomments&post=19804"}],"version-history":[{"count":1,"href":"https:\/\/www.fumssar.com.br\/index.php?rest_route=\/wp\/v2\/posts\/19804\/revisions"}],"predecessor-version":[{"id":19806,"href":"https:\/\/www.fumssar.com.br\/index.php?rest_route=\/wp\/v2\/posts\/19804\/revisions\/19806"}],"wp:featuredmedia":[{"embeddable":true,"href":"https:\/\/www.fumssar.com.br\/index.php?rest_route=\/wp\/v2\/media\/19805"}],"wp:attachment":[{"href":"https:\/\/www.fumssar.com.br\/index.php?rest_route=%2Fwp%2Fv2%2Fmedia&parent=19804"}],"wp:term":[{"taxonomy":"category","embeddable":true,"href":"https:\/\/www.fumssar.com.br\/index.php?rest_route=%2Fwp%2Fv2%2Fcategories&post=19804"},{"taxonomy":"post_tag","embeddable":true,"href":"https:\/\/www.fumssar.com.br\/index.php?rest_route=%2Fwp%2Fv2%2Ftags&post=19804"}],"curies":[{"name":"wp","href":"https:\/\/api.w.org\/{rel}","templated":true}]}}