{"id":19725,"date":"2021-12-01T09:41:47","date_gmt":"2021-12-01T12:41:47","guid":{"rendered":"http:\/\/www.fumssar.com.br\/?p=19725"},"modified":"2024-10-07T16:33:42","modified_gmt":"2024-10-07T19:33:42","slug":"central-de-vacinas-passa-a-aplicar-d1-d2-e-dr-de-segunda-a-sexta-feira","status":"publish","type":"post","link":"https:\/\/www.fumssar.com.br\/?p=19725","title":{"rendered":"Central de Vacinas passa a aplicar D1, D2 e DR de segunda \u00e0 sexta-feira"},"content":{"rendered":"\n<figure class=\"wp-block-image\"><img loading=\"lazy\" decoding=\"async\" width=\"1024\" height=\"1024\" src=\"http:\/\/www.fumssar.com.br\/wp-content\/uploads\/2021\/12\/vacina-1024x1024.png\" alt=\"\" class=\"wp-image-19726\" srcset=\"https:\/\/www.fumssar.com.br\/wp-content\/uploads\/2021\/12\/vacina-1024x1024.png 1024w, https:\/\/www.fumssar.com.br\/wp-content\/uploads\/2021\/12\/vacina-150x150.png 150w, https:\/\/www.fumssar.com.br\/wp-content\/uploads\/2021\/12\/vacina-300x300.png 300w, https:\/\/www.fumssar.com.br\/wp-content\/uploads\/2021\/12\/vacina-768x768.png 768w, https:\/\/www.fumssar.com.br\/wp-content\/uploads\/2021\/12\/vacina.png 1080w\" sizes=\"(max-width: 1024px) 100vw, 1024px\" \/><\/figure>\n\n\n\n<p>A Funda\u00e7\u00e3o Municipal de Sa\u00fade de Santa Rosa informa que a partir desta semana, vai aplicar na Central de Vacinas, todas as doses contra a COVID-19, de segunda a sexta-feira. A Central que est\u00e1 fixada em dois locais do munic\u00edpio realizou na \u00faltima semana 2.604 imuniza\u00e7\u00f5es contra a COVID-19, de 22 a 27 de novembro, uma m\u00e9dia de 434 aplica\u00e7\u00f5es por dia. No s\u00e1bado (27), foi realizado um mutir\u00e3o de vacina\u00e7\u00e3o, quando foram aplicadas 497 doses.<br><br>A vacina\u00e7\u00e3o realizada na Central de Vacinas n\u00e3o precisa mais ser agendada previamente, o atendimento ocorre por ordem de chegada. A vacina\u00e7\u00e3o acontece no pr\u00e9dio da FUMSSAR, Rua Dr. Francisco Timm, 480 centro, no subsolo (entrada pela lateral) e na UBS Pereira, na Rua Augusto Pestana, 338, Pereira (entrada pela lateral). A aplica\u00e7\u00e3o acontece conforme os grupos e faixas et\u00e1rias divulgados no site da Funda\u00e7\u00e3o. O atendimento \u00e9 das 8h \u00e0s 11h da manh\u00e3 e das 13h30 \u00e0s 17h da tarde. Nas quartas-feiras, o hor\u00e1rio da Central da FUMSSAR se estende at\u00e9 \u00e0s 19h30. As primeiras doses (D1) est\u00e3o sendo realizadas, por faixa et\u00e1ria, para pessoas a partir dos 12 anos. As segundas doses (D2) de Coronavac s\u00e3o realizadas ap\u00f3s 28 dias da primeira dose. Astrazeneca e Pfizer, ap\u00f3s oito semanas da primeira aplica\u00e7\u00e3o. As doses de refor\u00e7o (DR) est\u00e3o dispon\u00edveis para pessoas acima de 18 anos que realizaram a segunda dose h\u00e1 05 meses.<br><br>Os moradores de Santa Rosa que forem se vacinar precisam levar documento com foto, CPF, cart\u00e3o SUS e a caderneta de vacina\u00e7\u00e3o. Os jovens a partir de 14 anos, precisam ir acompanhados dos pais ou respons\u00e1vel legal. At\u00e9 o momento, j\u00e1 foram realizadas 123.161 vacinas. Do total, 61.190 foram de D1 (Primeira Dose), essa quantidade corresponde a 83% da popula\u00e7\u00e3o vacinada, 53.120 de D2 (Segunda Dose) e 2.262 de D.U (Dose \u00danica), sendo assim temos 55.382 pessoas com a imuniza\u00e7\u00e3o completa, 75% dos santa-rosenses. Al\u00e9m disso, j\u00e1 foram aplicadas tamb\u00e9m, 7.507 Doses de Refor\u00e7o (DR), o que corresponde a 13% das pessoas que j\u00e1 tinham a segunda dose e realizaram a dose de refor\u00e7o.<\/p>\n","protected":false},"excerpt":{"rendered":"<p>A Funda\u00e7\u00e3o Municipal de Sa\u00fade de Santa Rosa informa que a partir desta semana, vai&#8230;<\/p>\n","protected":false},"author":36,"featured_media":19726,"comment_status":"closed","ping_status":"closed","sticky":false,"template":"","format":"standard","meta":{"footnotes":""},"categories":[152,2],"tags":[],"_links":{"self":[{"href":"https:\/\/www.fumssar.com.br\/index.php?rest_route=\/wp\/v2\/posts\/19725"}],"collection":[{"href":"https:\/\/www.fumssar.com.br\/index.php?rest_route=\/wp\/v2\/posts"}],"about":[{"href":"https:\/\/www.fumssar.com.br\/index.php?rest_route=\/wp\/v2\/types\/post"}],"author":[{"embeddable":true,"href":"https:\/\/www.fumssar.com.br\/index.php?rest_route=\/wp\/v2\/users\/36"}],"replies":[{"embeddable":true,"href":"https:\/\/www.fumssar.com.br\/index.php?rest_route=%2Fwp%2Fv2%2Fcomments&post=19725"}],"version-history":[{"count":1,"href":"https:\/\/www.fumssar.com.br\/index.php?rest_route=\/wp\/v2\/posts\/19725\/revisions"}],"predecessor-version":[{"id":19727,"href":"https:\/\/www.fumssar.com.br\/index.php?rest_route=\/wp\/v2\/posts\/19725\/revisions\/19727"}],"wp:featuredmedia":[{"embeddable":true,"href":"https:\/\/www.fumssar.com.br\/index.php?rest_route=\/wp\/v2\/media\/19726"}],"wp:attachment":[{"href":"https:\/\/www.fumssar.com.br\/index.php?rest_route=%2Fwp%2Fv2%2Fmedia&parent=19725"}],"wp:term":[{"taxonomy":"category","embeddable":true,"href":"https:\/\/www.fumssar.com.br\/index.php?rest_route=%2Fwp%2Fv2%2Fcategories&post=19725"},{"taxonomy":"post_tag","embeddable":true,"href":"https:\/\/www.fumssar.com.br\/index.php?rest_route=%2Fwp%2Fv2%2Ftags&post=19725"}],"curies":[{"name":"wp","href":"https:\/\/api.w.org\/{rel}","templated":true}]}}