{"id":19701,"date":"2021-11-29T16:28:34","date_gmt":"2021-11-29T19:28:34","guid":{"rendered":"http:\/\/www.fumssar.com.br\/?p=19701"},"modified":"2024-10-07T16:33:43","modified_gmt":"2024-10-07T19:33:43","slug":"ministro-participa-da-implementacao-do-3o-turno-em-cruzeiro-do-sul","status":"publish","type":"post","link":"https:\/\/www.fumssar.com.br\/?p=19701","title":{"rendered":"Ministro participa da implementa\u00e7\u00e3o do 3\u00ba turno em Cruzeiro do Sul"},"content":{"rendered":"\n<figure class=\"wp-block-image\"><img loading=\"lazy\" decoding=\"async\" width=\"1024\" height=\"1024\" src=\"https:\/\/www.fumssar.com.br\/wp-content\/uploads\/2021\/11\/262023930_4536979176418467_2968981477578798523_n-1024x1024.jpg\" alt=\"\" class=\"wp-image-19702\" srcset=\"https:\/\/www.fumssar.com.br\/wp-content\/uploads\/2021\/11\/262023930_4536979176418467_2968981477578798523_n-1024x1024.jpg 1024w, https:\/\/www.fumssar.com.br\/wp-content\/uploads\/2021\/11\/262023930_4536979176418467_2968981477578798523_n-150x150.jpg 150w, https:\/\/www.fumssar.com.br\/wp-content\/uploads\/2021\/11\/262023930_4536979176418467_2968981477578798523_n-300x300.jpg 300w, https:\/\/www.fumssar.com.br\/wp-content\/uploads\/2021\/11\/262023930_4536979176418467_2968981477578798523_n-768x768.jpg 768w, https:\/\/www.fumssar.com.br\/wp-content\/uploads\/2021\/11\/262023930_4536979176418467_2968981477578798523_n.jpg 1280w\" sizes=\"(max-width: 1024px) 100vw, 1024px\" \/><\/figure>\n\n\n\n<p>No \u00faltimo s\u00e1bado (27), foi realizado na Unidade B\u00e1sica de Sa\u00fade Cruzeiro do Sul a cerim\u00f4nia de implementa\u00e7\u00e3o do terceiro turno de atendimento. Esse atendimento que era uma promessa de campanha do Prefeito Anderson Mantei vai acontecer 05 noites por semana. O objetivo \u00e9 facilitar o acesso da popula\u00e7\u00e3o que n\u00e3o consegue realizar seus atendimentos durante o hor\u00e1rio comercial. Essa \u00e9 a segunda UBS contemplada nesse projeto, no territ\u00f3rio do bairro Cruzeiro. A partir da pr\u00f3xima semana, os usu\u00e1rios da unidade v\u00e3o poder usufruir da amplia\u00e7\u00e3o no atendimento.<\/p>\n\n\n\n<p>Para o ato de implementa\u00e7\u00e3o do servi\u00e7o, estavam presentes o Ministro de Sa\u00fade Marcelo Queiroga, o Senador, Luis Carlos Heinze, o Deputado Federal, Osmar Terra e o Deputado Federal, Giovani Cherini, dentre outras autoridades da regi\u00e3o. O ministro e os parlamentares foram recepcionados pelo prefeito Anderson Mantei e pelo presidente da Funda\u00e7\u00e3o Municipal de Sa\u00fade, D\u00e9lcio Stefan, junto com toda a equipe de sa\u00fade que trabalha no local e dos coordenadores de outras unidades. O ministro da sa\u00fade, Marcelo Queiroga destacou que o atendimento de qualidade deve ser sempre prioridade, \u201cA Aten\u00e7\u00e3o Prim\u00e1ria \u00e9 umas das prioridades da gest\u00e3o. Aumentamos o investimento de R$ 17 bilh\u00f5es para R$ 24 bilh\u00f5es. Hoje, s\u00e3o mais de 48 mil unidades b\u00e1sicas de sa\u00fade espalhadas pelo Brasil e mais de53 mil equipes de sa\u00fade da fam\u00edlia. N\u00f3s queremos controlar a hipertens\u00e3o arterial, a diabetes, o sobrepeso e \u00e9 assim que faremos a revolu\u00e7\u00e3o na sa\u00fade p\u00fablica do Brasil\u201d, afirmou.<\/p>\n\n\n\n<figure class=\"wp-block-image\"><img loading=\"lazy\" decoding=\"async\" width=\"1024\" height=\"1024\" src=\"https:\/\/www.fumssar.com.br\/wp-content\/uploads\/2021\/11\/262108762_4536979179751800_6899334185907282286_n-1024x1024.jpg\" alt=\"\" class=\"wp-image-19703\" srcset=\"https:\/\/www.fumssar.com.br\/wp-content\/uploads\/2021\/11\/262108762_4536979179751800_6899334185907282286_n-1024x1024.jpg 1024w, https:\/\/www.fumssar.com.br\/wp-content\/uploads\/2021\/11\/262108762_4536979179751800_6899334185907282286_n-150x150.jpg 150w, https:\/\/www.fumssar.com.br\/wp-content\/uploads\/2021\/11\/262108762_4536979179751800_6899334185907282286_n-300x300.jpg 300w, https:\/\/www.fumssar.com.br\/wp-content\/uploads\/2021\/11\/262108762_4536979179751800_6899334185907282286_n-768x768.jpg 768w, https:\/\/www.fumssar.com.br\/wp-content\/uploads\/2021\/11\/262108762_4536979179751800_6899334185907282286_n.jpg 1280w\" sizes=\"(max-width: 1024px) 100vw, 1024px\" \/><\/figure>\n\n\n\n<p>De segunda a sexta-feira, das 17h30 \u00e0s 21h30, com um cronograma di\u00e1rio de atendimentos multiprofissionais os usu\u00e1rios de Cruzeiro do Sul v\u00e3o poder buscar atendimento de sa\u00fade. O objetivo \u00e9 que os atendimentos sejam diferenciados e n\u00e3o apenas para acolhimento de demandas espont\u00e2neas. Al\u00e9m da busca ativa, as equipes de sa\u00fade far\u00e3o marca\u00e7\u00e3o de consulta odontol\u00f3gica e constru\u00e7\u00e3o de Projeto Terap\u00eautico Singular com diversos tipos de tratamento, como sa\u00fade mental e sa\u00fade do trabalhador. Essa \u00e9 a segunda unidade de sa\u00fade a implementar o formato de turno estendido, o projeto-piloto j\u00e1 funciona na primeira unidade, na UBS J\u00falio de Oliveira, desde outubro deste ano. Para o Prefeito, Anderson Mantei este projeto vem para trazer mais qualidade de vida para a popula\u00e7\u00e3o, \u201cEsta \u00e9 mais uma a\u00e7\u00e3o do plano de governo que se concretiza, atendendo a uma demanda da comunidade e dos trabalhadores para aprimorar o cuidado em sa\u00fade na Cruzeiro do Sul\u201d.<br><br>O cronograma di\u00e1rio de atendimentos, no terceiro turno vai incluir consultas odontol\u00f3gicas, solicita\u00e7\u00e3o de exames, acompanhamento de gestantes (pr\u00e9-natal), acompanhamento de pacientes cr\u00f4nicos e vacina\u00e7\u00e3o, oportunizando para a comunidade realizar tamb\u00e9m as pr\u00e1ticas integrativas e complementares (PIC\u2019s). O presidente da FUMSSAR, D\u00e9lcio Stefan, agradeceu a presen\u00e7a das autoridades e falou sobre a import\u00e2ncia de mais esta amplia\u00e7\u00e3o nos servi\u00e7os de sa\u00fade do munic\u00edpio, \u201cNosso objetivo \u00e9 colocar a sa\u00fade da popula\u00e7\u00e3o no centro das demandas. Planejando a\u00e7\u00f5es que sejam resolutivas e fazendo com que a UBS se adapte, ainda mais com a realidade local\u201d. A UBS Cruzeiro do Sul atende aproximadamente cinco mil pessoas. Fazem parte da equipe de Sa\u00fade da Fam\u00edlia: m\u00e9dico, enfermeiro, t\u00e9cnico em enfermagem e agentes comunit\u00e1rios de sa\u00fade, o local tamb\u00e9m conta com uma equipe multiprofissional composta por psic\u00f3logo, fonoaudi\u00f3logo, nutricionista, professor de educa\u00e7\u00e3o f\u00edsica, al\u00e9m da resid\u00eancia m\u00e9dica e multiprofissional.<\/p>\n","protected":false},"excerpt":{"rendered":"<p>No \u00faltimo s\u00e1bado (27), foi realizado na Unidade B\u00e1sica de Sa\u00fade Cruzeiro do Sul a&#8230;<\/p>\n","protected":false},"author":36,"featured_media":19702,"comment_status":"closed","ping_status":"closed","sticky":false,"template":"","format":"standard","meta":{"footnotes":""},"categories":[2],"tags":[],"_links":{"self":[{"href":"https:\/\/www.fumssar.com.br\/index.php?rest_route=\/wp\/v2\/posts\/19701"}],"collection":[{"href":"https:\/\/www.fumssar.com.br\/index.php?rest_route=\/wp\/v2\/posts"}],"about":[{"href":"https:\/\/www.fumssar.com.br\/index.php?rest_route=\/wp\/v2\/types\/post"}],"author":[{"embeddable":true,"href":"https:\/\/www.fumssar.com.br\/index.php?rest_route=\/wp\/v2\/users\/36"}],"replies":[{"embeddable":true,"href":"https:\/\/www.fumssar.com.br\/index.php?rest_route=%2Fwp%2Fv2%2Fcomments&post=19701"}],"version-history":[{"count":1,"href":"https:\/\/www.fumssar.com.br\/index.php?rest_route=\/wp\/v2\/posts\/19701\/revisions"}],"predecessor-version":[{"id":19704,"href":"https:\/\/www.fumssar.com.br\/index.php?rest_route=\/wp\/v2\/posts\/19701\/revisions\/19704"}],"wp:featuredmedia":[{"embeddable":true,"href":"https:\/\/www.fumssar.com.br\/index.php?rest_route=\/wp\/v2\/media\/19702"}],"wp:attachment":[{"href":"https:\/\/www.fumssar.com.br\/index.php?rest_route=%2Fwp%2Fv2%2Fmedia&parent=19701"}],"wp:term":[{"taxonomy":"category","embeddable":true,"href":"https:\/\/www.fumssar.com.br\/index.php?rest_route=%2Fwp%2Fv2%2Fcategories&post=19701"},{"taxonomy":"post_tag","embeddable":true,"href":"https:\/\/www.fumssar.com.br\/index.php?rest_route=%2Fwp%2Fv2%2Ftags&post=19701"}],"curies":[{"name":"wp","href":"https:\/\/api.w.org\/{rel}","templated":true}]}}