{"id":19653,"date":"2021-11-24T14:23:09","date_gmt":"2021-11-24T17:23:09","guid":{"rendered":"http:\/\/www.fumssar.com.br\/?p=19653"},"modified":"2024-10-07T16:33:43","modified_gmt":"2024-10-07T19:33:43","slug":"mutirao-de-vacinacao-contra-a-covid-19-3","status":"publish","type":"post","link":"https:\/\/www.fumssar.com.br\/?p=19653","title":{"rendered":"Mutir\u00e3o de Vacina\u00e7\u00e3o contra a COVID-19"},"content":{"rendered":"\n<figure class=\"wp-block-image\"><img loading=\"lazy\" decoding=\"async\" width=\"1024\" height=\"1024\" src=\"https:\/\/www.fumssar.com.br\/wp-content\/uploads\/2021\/11\/WhatsApp-Image-2021-11-24-at-11.15.57-1024x1024.jpeg\" alt=\"\" class=\"wp-image-19654\" srcset=\"https:\/\/www.fumssar.com.br\/wp-content\/uploads\/2021\/11\/WhatsApp-Image-2021-11-24-at-11.15.57-1024x1024.jpeg 1024w, https:\/\/www.fumssar.com.br\/wp-content\/uploads\/2021\/11\/WhatsApp-Image-2021-11-24-at-11.15.57-150x150.jpeg 150w, https:\/\/www.fumssar.com.br\/wp-content\/uploads\/2021\/11\/WhatsApp-Image-2021-11-24-at-11.15.57-300x300.jpeg 300w, https:\/\/www.fumssar.com.br\/wp-content\/uploads\/2021\/11\/WhatsApp-Image-2021-11-24-at-11.15.57-768x768.jpeg 768w, https:\/\/www.fumssar.com.br\/wp-content\/uploads\/2021\/11\/WhatsApp-Image-2021-11-24-at-11.15.57.jpeg 1080w\" sizes=\"(max-width: 1024px) 100vw, 1024px\" \/><\/figure>\n\n\n\n<p>A Funda\u00e7\u00e3o Municipal de Sa\u00fade de Santa Rosa informa que neste s\u00e1bado (27), vai acontecer o dia D de vacina\u00e7\u00e3o contra a COVID-19. O mutir\u00e3o vai ser realizado na Central de Vacinas da FUMSSAR. A aplica\u00e7\u00e3o n\u00e3o precisa ser agendada previamente, o atendimento vai ocorrer por ordem de chegada. V\u00e3o ser realizadas as primeiras doses (D1), segundas doses (D2) e as doses de refor\u00e7o (DR). <\/p>\n\n\n\n<p>A Central de Vacinas da FUMSSAR fica localizada na Rua Dr. Francisco Timm, 480 centro, no subsolo (entrada pela lateral) O atendimento vai ser das 8h \u00e0s 15h30. As primeiras doses (D1) v\u00e3o ser realizadas, por faixa et\u00e1ria, para pessoas a partir dos 12 anos. As segundas doses (D2) de Coronavac s\u00e3o realizadas ap\u00f3s 28 dias da primeira dose. Astrazeneca e Pfizer, ap\u00f3s oito semanas da primeira aplica\u00e7\u00e3o. As doses de refor\u00e7o (DR) est\u00e3o dispon\u00edveis para pessoas acima de 18 anos que realizaram a segunda dose h\u00e1 05 meses. Os moradores de Santa Rosa que forem se vacinar precisam levar documento com foto, CPF, cart\u00e3o SUS e a caderneta de vacina\u00e7\u00e3o. Os jovens a partir de 14 anos, precisam ir acompanhados dos pais ou respons\u00e1vel legal.<\/p>\n","protected":false},"excerpt":{"rendered":"<p>A Funda\u00e7\u00e3o Municipal de Sa\u00fade de Santa Rosa informa que neste s\u00e1bado (27), vai acontecer&#8230;<\/p>\n","protected":false},"author":36,"featured_media":19654,"comment_status":"closed","ping_status":"closed","sticky":false,"template":"","format":"standard","meta":{"footnotes":""},"categories":[152,2],"tags":[],"_links":{"self":[{"href":"https:\/\/www.fumssar.com.br\/index.php?rest_route=\/wp\/v2\/posts\/19653"}],"collection":[{"href":"https:\/\/www.fumssar.com.br\/index.php?rest_route=\/wp\/v2\/posts"}],"about":[{"href":"https:\/\/www.fumssar.com.br\/index.php?rest_route=\/wp\/v2\/types\/post"}],"author":[{"embeddable":true,"href":"https:\/\/www.fumssar.com.br\/index.php?rest_route=\/wp\/v2\/users\/36"}],"replies":[{"embeddable":true,"href":"https:\/\/www.fumssar.com.br\/index.php?rest_route=%2Fwp%2Fv2%2Fcomments&post=19653"}],"version-history":[{"count":1,"href":"https:\/\/www.fumssar.com.br\/index.php?rest_route=\/wp\/v2\/posts\/19653\/revisions"}],"predecessor-version":[{"id":19655,"href":"https:\/\/www.fumssar.com.br\/index.php?rest_route=\/wp\/v2\/posts\/19653\/revisions\/19655"}],"wp:featuredmedia":[{"embeddable":true,"href":"https:\/\/www.fumssar.com.br\/index.php?rest_route=\/wp\/v2\/media\/19654"}],"wp:attachment":[{"href":"https:\/\/www.fumssar.com.br\/index.php?rest_route=%2Fwp%2Fv2%2Fmedia&parent=19653"}],"wp:term":[{"taxonomy":"category","embeddable":true,"href":"https:\/\/www.fumssar.com.br\/index.php?rest_route=%2Fwp%2Fv2%2Fcategories&post=19653"},{"taxonomy":"post_tag","embeddable":true,"href":"https:\/\/www.fumssar.com.br\/index.php?rest_route=%2Fwp%2Fv2%2Ftags&post=19653"}],"curies":[{"name":"wp","href":"https:\/\/api.w.org\/{rel}","templated":true}]}}