{"id":19647,"date":"2021-11-23T15:40:15","date_gmt":"2021-11-23T18:40:15","guid":{"rendered":"http:\/\/www.fumssar.com.br\/?p=19647"},"modified":"2024-10-07T16:33:43","modified_gmt":"2024-10-07T19:33:43","slug":"equipe-do-cer-ii-participa-de-curso-sobre-autismo","status":"publish","type":"post","link":"https:\/\/www.fumssar.com.br\/?p=19647","title":{"rendered":"Equipe do CER II participa de curso sobre autismo"},"content":{"rendered":"\n<figure class=\"wp-block-image\"><img loading=\"lazy\" decoding=\"async\" width=\"1024\" height=\"1024\" src=\"http:\/\/www.fumssar.com.br\/wp-content\/uploads\/2021\/11\/IMG_4615-1024x1024.jpg\" alt=\"\" class=\"wp-image-19648\" srcset=\"https:\/\/www.fumssar.com.br\/wp-content\/uploads\/2021\/11\/IMG_4615-1024x1024.jpg 1024w, https:\/\/www.fumssar.com.br\/wp-content\/uploads\/2021\/11\/IMG_4615-150x150.jpg 150w, https:\/\/www.fumssar.com.br\/wp-content\/uploads\/2021\/11\/IMG_4615-300x300.jpg 300w, https:\/\/www.fumssar.com.br\/wp-content\/uploads\/2021\/11\/IMG_4615-768x768.jpg 768w\" sizes=\"(max-width: 1024px) 100vw, 1024px\" \/><\/figure>\n\n\n\n<p>A Equipe do Centro Especializado em Reabilita\u00e7\u00e3o Auditiva e Intelectual \u2013 CER II, de Santa Rosa, participou de uma qualifica\u00e7\u00e3o. A equipe realizou o curso te\u00f3rico Escala de Responsividade Social \u2013 SRS-2. Trata-se de uma escala de rastreio destinada a mensurar sintomas associados ao Transtorno do Espectro Autista (TEA), bem como, para classificar em n\u00edveis leves, moderados ou severos.  A avalia\u00e7\u00e3o \u00e9 feita de forma global e espec\u00edfica, j\u00e1 que agrupa os sintomas em subcategorias. A SRS-2 tem como objetivo avaliar crian\u00e7as a partir de dois anos e meio, adolescentes e adultos. <br><br>Uma das modalidades contempladas pelo CER II de Santa Rosa \u00e9 a Reabilita\u00e7\u00e3o\/Habilita\u00e7\u00e3o Intelectual e Transtorno do Espectro Autista. Nesta modalidade, s\u00e3o realizados os atendimentos interdisciplinares de pessoas com suspeita\/diagn\u00f3stico de defici\u00eancia intelectual ou autismo. A reabilita\u00e7\u00e3o consiste desde a estimula\u00e7\u00e3o precoce do paciente, orienta\u00e7\u00f5es \u00e0 fam\u00edlia; orienta\u00e7\u00f5es \u00e0 escola, visando, entre outras, o desenvolvimento de habilidades comunicacionais, de intera\u00e7\u00e3o social, e de aprendizado. A coordenadora do CER e fonoaudi\u00f3loga, Michelli Pes destacou a import\u00e2ncia do curso para a equipe, \u201cEste curso possibilitou ampliar nosso conhecimento e auxiliou a equipe do CER II no processo de diagn\u00f3stico de TEA. \u00c9 uma ferramenta simples, f\u00e1cil de ser utilizada, com par\u00e2metros quantitativos e qualitativos\u201d. <br><br>O CER II \u00e9 um servi\u00e7o oferecido pela Funda\u00e7\u00e3o Municipal de Sa\u00fade de Santa Rosa e funciona de segunda \u00e0 sexta-feira das 07h30 \u00e0s 11h30 e das 13h30 \u00e0s 17h30.<\/p>\n","protected":false},"excerpt":{"rendered":"<p>A Equipe do Centro Especializado em Reabilita\u00e7\u00e3o Auditiva e Intelectual \u2013 CER II, de Santa&#8230;<\/p>\n","protected":false},"author":36,"featured_media":19648,"comment_status":"closed","ping_status":"closed","sticky":false,"template":"","format":"standard","meta":{"footnotes":""},"categories":[2],"tags":[],"_links":{"self":[{"href":"https:\/\/www.fumssar.com.br\/index.php?rest_route=\/wp\/v2\/posts\/19647"}],"collection":[{"href":"https:\/\/www.fumssar.com.br\/index.php?rest_route=\/wp\/v2\/posts"}],"about":[{"href":"https:\/\/www.fumssar.com.br\/index.php?rest_route=\/wp\/v2\/types\/post"}],"author":[{"embeddable":true,"href":"https:\/\/www.fumssar.com.br\/index.php?rest_route=\/wp\/v2\/users\/36"}],"replies":[{"embeddable":true,"href":"https:\/\/www.fumssar.com.br\/index.php?rest_route=%2Fwp%2Fv2%2Fcomments&post=19647"}],"version-history":[{"count":1,"href":"https:\/\/www.fumssar.com.br\/index.php?rest_route=\/wp\/v2\/posts\/19647\/revisions"}],"predecessor-version":[{"id":19649,"href":"https:\/\/www.fumssar.com.br\/index.php?rest_route=\/wp\/v2\/posts\/19647\/revisions\/19649"}],"wp:featuredmedia":[{"embeddable":true,"href":"https:\/\/www.fumssar.com.br\/index.php?rest_route=\/wp\/v2\/media\/19648"}],"wp:attachment":[{"href":"https:\/\/www.fumssar.com.br\/index.php?rest_route=%2Fwp%2Fv2%2Fmedia&parent=19647"}],"wp:term":[{"taxonomy":"category","embeddable":true,"href":"https:\/\/www.fumssar.com.br\/index.php?rest_route=%2Fwp%2Fv2%2Fcategories&post=19647"},{"taxonomy":"post_tag","embeddable":true,"href":"https:\/\/www.fumssar.com.br\/index.php?rest_route=%2Fwp%2Fv2%2Ftags&post=19647"}],"curies":[{"name":"wp","href":"https:\/\/api.w.org\/{rel}","templated":true}]}}