{"id":19644,"date":"2021-11-23T08:50:15","date_gmt":"2021-11-23T11:50:15","guid":{"rendered":"http:\/\/www.fumssar.com.br\/?p=19644"},"modified":"2024-10-07T16:33:43","modified_gmt":"2024-10-07T19:33:43","slug":"central-de-vacinas-aplicou-2-205-doses-na-ultima-semana","status":"publish","type":"post","link":"https:\/\/www.fumssar.com.br\/?p=19644","title":{"rendered":"Central de Vacinas aplicou 2.205 doses na \u00faltima semana"},"content":{"rendered":"\n<figure class=\"wp-block-image\"><img loading=\"lazy\" decoding=\"async\" width=\"1024\" height=\"768\" src=\"https:\/\/www.fumssar.com.br\/wp-content\/uploads\/2021\/11\/WhatsApp-Image-2021-11-22-at-16.45.32-1024x768.jpeg\" alt=\"\" class=\"wp-image-19645\" srcset=\"https:\/\/www.fumssar.com.br\/wp-content\/uploads\/2021\/11\/WhatsApp-Image-2021-11-22-at-16.45.32-1024x768.jpeg 1024w, https:\/\/www.fumssar.com.br\/wp-content\/uploads\/2021\/11\/WhatsApp-Image-2021-11-22-at-16.45.32-300x225.jpeg 300w, https:\/\/www.fumssar.com.br\/wp-content\/uploads\/2021\/11\/WhatsApp-Image-2021-11-22-at-16.45.32-768x576.jpeg 768w, https:\/\/www.fumssar.com.br\/wp-content\/uploads\/2021\/11\/WhatsApp-Image-2021-11-22-at-16.45.32.jpeg 1280w\" sizes=\"(max-width: 1024px) 100vw, 1024px\" \/><\/figure>\n\n\n\n<p>A Central de Vacinas de Santa Rosa, fixada em dois locais do munic\u00edpio, realizou 1.749 doses contra a COVID-19 na \u00faltima semana (16 a 19 de novembro). A m\u00e9dia foi de 437 aplica\u00e7\u00f5es por dia. No s\u00e1bado (20), foi realizado um mutir\u00e3o de vacina\u00e7\u00e3o, foram aplicadas 456 doses. A vacina\u00e7\u00e3o realizada na Central de Vacinas n\u00e3o precisa mais ser agendada previamente, o atendimento ocorre por ordem de chegada. Nas segundas, quartas e sextas-feiras s\u00e3o realizadas as primeiras doses (D1) e as doses de refor\u00e7o (DR). Nas ter\u00e7as e quintas-feiras s\u00e3o aplicadas as segundas doses (D2).<br><br> A vacina\u00e7\u00e3o acontece no pr\u00e9dio da FUMSSAR, Rua Dr. Francisco Timm, 480 centro, no subsolo (entrada pela lateral) e na UBS Pereira, na Rua Augusto Pestana, 338, Pereira (entrada pela lateral). A aplica\u00e7\u00e3o ocorre conforme os grupos e faixas et\u00e1rias divulgados no site da Funda\u00e7\u00e3o. O atendimento \u00e9 das 8h \u00e0s 11h da manh\u00e3 e das 13h30 \u00e0s 17h da tarde. Nas quartas-feiras, o hor\u00e1rio da Central da FUMSSAR se estende at\u00e9 \u00e0s 19h30. As primeiras doses (D1) est\u00e3o sendo realizadas, por faixa et\u00e1ria, para pessoas a partir dos 12 anos. As segundas doses (D2) de Coronavac s\u00e3o realizadas ap\u00f3s 28 dias da primeira dose. Astrazeneca e Pfizer, ap\u00f3s oito semanas da primeira aplica\u00e7\u00e3o. As doses de refor\u00e7o (DR) est\u00e3o dispon\u00edveis para pessoas acima de 18 anos que realizaram a segunda dose h\u00e1 05 meses.<br><br>Os moradores de Santa Rosa que forem se vacinar precisam levar documento com foto, CPF, cart\u00e3o SUS e a caderneta de vacina\u00e7\u00e3o. Os jovens a partir de 14 anos, precisam ir acompanhados dos pais ou respons\u00e1vel legal. At\u00e9 o momento, j\u00e1 foram realizadas 120.902 vacinas. Do total, 60.889 foram de D1 (Primeira Dose), essa quantidade corresponde a 83% da popula\u00e7\u00e3o vacinada, 51.789 de D2 (Segunda Dose) e 2.261 de D.U (Dose \u00danica), sendo assim, 54.050 pessoas com a imuniza\u00e7\u00e3o completa, 73% dos santa-rosenses. Al\u00e9m disso, j\u00e1 foram aplicadas tamb\u00e9m, 5.963 Doses de Refor\u00e7o (DR).<\/p>\n","protected":false},"excerpt":{"rendered":"<p>A Central de Vacinas de Santa Rosa, fixada em dois locais do munic\u00edpio, realizou 1.749&#8230;<\/p>\n","protected":false},"author":36,"featured_media":19645,"comment_status":"closed","ping_status":"closed","sticky":false,"template":"","format":"standard","meta":{"footnotes":""},"categories":[152,2],"tags":[],"_links":{"self":[{"href":"https:\/\/www.fumssar.com.br\/index.php?rest_route=\/wp\/v2\/posts\/19644"}],"collection":[{"href":"https:\/\/www.fumssar.com.br\/index.php?rest_route=\/wp\/v2\/posts"}],"about":[{"href":"https:\/\/www.fumssar.com.br\/index.php?rest_route=\/wp\/v2\/types\/post"}],"author":[{"embeddable":true,"href":"https:\/\/www.fumssar.com.br\/index.php?rest_route=\/wp\/v2\/users\/36"}],"replies":[{"embeddable":true,"href":"https:\/\/www.fumssar.com.br\/index.php?rest_route=%2Fwp%2Fv2%2Fcomments&post=19644"}],"version-history":[{"count":1,"href":"https:\/\/www.fumssar.com.br\/index.php?rest_route=\/wp\/v2\/posts\/19644\/revisions"}],"predecessor-version":[{"id":19646,"href":"https:\/\/www.fumssar.com.br\/index.php?rest_route=\/wp\/v2\/posts\/19644\/revisions\/19646"}],"wp:featuredmedia":[{"embeddable":true,"href":"https:\/\/www.fumssar.com.br\/index.php?rest_route=\/wp\/v2\/media\/19645"}],"wp:attachment":[{"href":"https:\/\/www.fumssar.com.br\/index.php?rest_route=%2Fwp%2Fv2%2Fmedia&parent=19644"}],"wp:term":[{"taxonomy":"category","embeddable":true,"href":"https:\/\/www.fumssar.com.br\/index.php?rest_route=%2Fwp%2Fv2%2Fcategories&post=19644"},{"taxonomy":"post_tag","embeddable":true,"href":"https:\/\/www.fumssar.com.br\/index.php?rest_route=%2Fwp%2Fv2%2Ftags&post=19644"}],"curies":[{"name":"wp","href":"https:\/\/api.w.org\/{rel}","templated":true}]}}