{"id":19614,"date":"2021-11-19T16:21:27","date_gmt":"2021-11-19T19:21:27","guid":{"rendered":"http:\/\/www.fumssar.com.br\/?p=19614"},"modified":"2024-10-07T16:33:43","modified_gmt":"2024-10-07T19:33:43","slug":"cerest-completa-08-anos-de-criacao","status":"publish","type":"post","link":"https:\/\/www.fumssar.com.br\/?p=19614","title":{"rendered":"CEREST completa 08 anos de cria\u00e7\u00e3o"},"content":{"rendered":"\n<figure class=\"wp-block-image\"><img loading=\"lazy\" decoding=\"async\" width=\"1024\" height=\"472\" src=\"http:\/\/www.fumssar.com.br\/wp-content\/uploads\/2021\/11\/WhatsApp-Image-2021-11-12-at-11.06.56-1024x472.jpeg\" alt=\"\" class=\"wp-image-19615\" srcset=\"https:\/\/www.fumssar.com.br\/wp-content\/uploads\/2021\/11\/WhatsApp-Image-2021-11-12-at-11.06.56-1024x472.jpeg 1024w, https:\/\/www.fumssar.com.br\/wp-content\/uploads\/2021\/11\/WhatsApp-Image-2021-11-12-at-11.06.56-300x138.jpeg 300w, https:\/\/www.fumssar.com.br\/wp-content\/uploads\/2021\/11\/WhatsApp-Image-2021-11-12-at-11.06.56-768x354.jpeg 768w, https:\/\/www.fumssar.com.br\/wp-content\/uploads\/2021\/11\/WhatsApp-Image-2021-11-12-at-11.06.56.jpeg 1280w\" sizes=\"(max-width: 1024px) 100vw, 1024px\" \/><\/figure>\n\n\n\n<p>Na \u00faltima semana, o CEREST FRONTEIRA NOROESTE &#8211; Centro de Refer\u00eancia em Sa\u00fade do Trabalhador de Santa Rosa completou 08 anos de implementa\u00e7\u00e3o. O Centro foi fundado com o intuito de qualificar e aproximar cada vez mais os munic\u00edpios \u00e0 aten\u00e7\u00e3o integral em sa\u00fade do trabalhador.<br><br>A equipe do CEREST conta com 09 profissionais de n\u00edvel m\u00e9dio e superior que atuam no trip\u00e9 da Sa\u00fade do Trabalhador, na assist\u00eancia e reabilita\u00e7\u00e3o e na educa\u00e7\u00e3o e vigil\u00e2ncia em sa\u00fade do trabalhador. Segundo a psic\u00f3loga e coordenadora do CEREST, Fl\u00e1via Albuquerque, a equipe vem realizando nos \u00faltimos 02 anos apoio matricial aos vinte e dois munic\u00edpios da \u00e1rea de abrang\u00eancia, aproxima\u00e7\u00e3o com os diversos ramos produtivos destes munic\u00edpios, inspe\u00e7\u00f5es sanit\u00e1rias, vigil\u00e2ncia em sa\u00fade do trabalhador, investiga\u00e7\u00f5es de \u00f3bitos relacionados ao trabalho e o monitoramento dos indicadores de agravos e doen\u00e7as relacionados ao trabalho, &#8220;Temos como foco sempre possibilitar cuidados em sa\u00fade do trabalhador e preven\u00e7\u00e3o de agravos e doen\u00e7as relacionados ao trabalho, visando a promo\u00e7\u00e3o de sa\u00fade e qualidade de vida\u201d.<\/p>\n","protected":false},"excerpt":{"rendered":"<p>Na \u00faltima semana, o CEREST FRONTEIRA NOROESTE &#8211; Centro de Refer\u00eancia em Sa\u00fade do Trabalhador&#8230;<\/p>\n","protected":false},"author":36,"featured_media":19615,"comment_status":"closed","ping_status":"closed","sticky":false,"template":"","format":"standard","meta":{"footnotes":""},"categories":[2],"tags":[],"_links":{"self":[{"href":"https:\/\/www.fumssar.com.br\/index.php?rest_route=\/wp\/v2\/posts\/19614"}],"collection":[{"href":"https:\/\/www.fumssar.com.br\/index.php?rest_route=\/wp\/v2\/posts"}],"about":[{"href":"https:\/\/www.fumssar.com.br\/index.php?rest_route=\/wp\/v2\/types\/post"}],"author":[{"embeddable":true,"href":"https:\/\/www.fumssar.com.br\/index.php?rest_route=\/wp\/v2\/users\/36"}],"replies":[{"embeddable":true,"href":"https:\/\/www.fumssar.com.br\/index.php?rest_route=%2Fwp%2Fv2%2Fcomments&post=19614"}],"version-history":[{"count":1,"href":"https:\/\/www.fumssar.com.br\/index.php?rest_route=\/wp\/v2\/posts\/19614\/revisions"}],"predecessor-version":[{"id":19616,"href":"https:\/\/www.fumssar.com.br\/index.php?rest_route=\/wp\/v2\/posts\/19614\/revisions\/19616"}],"wp:featuredmedia":[{"embeddable":true,"href":"https:\/\/www.fumssar.com.br\/index.php?rest_route=\/wp\/v2\/media\/19615"}],"wp:attachment":[{"href":"https:\/\/www.fumssar.com.br\/index.php?rest_route=%2Fwp%2Fv2%2Fmedia&parent=19614"}],"wp:term":[{"taxonomy":"category","embeddable":true,"href":"https:\/\/www.fumssar.com.br\/index.php?rest_route=%2Fwp%2Fv2%2Fcategories&post=19614"},{"taxonomy":"post_tag","embeddable":true,"href":"https:\/\/www.fumssar.com.br\/index.php?rest_route=%2Fwp%2Fv2%2Ftags&post=19614"}],"curies":[{"name":"wp","href":"https:\/\/api.w.org\/{rel}","templated":true}]}}