{"id":1957,"date":"2014-06-27T17:50:23","date_gmt":"2014-06-27T17:50:23","guid":{"rendered":"http:\/\/www.fumssar.com.br\/?p=1957"},"modified":"2024-10-07T16:36:18","modified_gmt":"2024-10-07T19:36:18","slug":"forum-discutiu-saude-mental-alcool-e-drogas-em-santa-rosa","status":"publish","type":"post","link":"https:\/\/www.fumssar.com.br\/?p=1957","title":{"rendered":"F\u00f3rum discutiu Sa\u00fade Mental \u00c1lcool e Drogas em Santa Rosa"},"content":{"rendered":"<p><a href=\"http:\/\/www.fumssar.com.br\/wp-content\/uploads\/2014\/06\/forum-2.jpg\"><img loading=\"lazy\" decoding=\"async\" class=\"alignnone size-medium wp-image-1959\" alt=\"forum 2\" src=\"http:\/\/www.fumssar.com.br\/wp-content\/uploads\/2014\/06\/forum-2-300x224.jpg\" width=\"300\" height=\"224\" srcset=\"https:\/\/www.fumssar.com.br\/wp-content\/uploads\/2014\/06\/forum-2-300x224.jpg 300w, https:\/\/www.fumssar.com.br\/wp-content\/uploads\/2014\/06\/forum-2.jpg 448w\" sizes=\"(max-width: 300px) 100vw, 300px\" \/><\/a><a href=\"http:\/\/www.fumssar.com.br\/wp-content\/uploads\/2014\/06\/forum-3.jpg\"><img loading=\"lazy\" decoding=\"async\" class=\"alignnone size-medium wp-image-1960\" alt=\"forum 3\" src=\"http:\/\/www.fumssar.com.br\/wp-content\/uploads\/2014\/06\/forum-3-300x224.jpg\" width=\"300\" height=\"224\" srcset=\"https:\/\/www.fumssar.com.br\/wp-content\/uploads\/2014\/06\/forum-3-300x224.jpg 300w, https:\/\/www.fumssar.com.br\/wp-content\/uploads\/2014\/06\/forum-3.jpg 448w\" sizes=\"(max-width: 300px) 100vw, 300px\" \/><\/a>\u00a0 O evento foi realizado pelo Centro de Aten\u00e7\u00e3o Psicossocial \u00c1lcool e Drogas-CAPS AD Movimento, e a FUMSSAR na quinta-feira (26), no Centro C\u00edvico Cultural Ant\u00f4nio Carlos Borges. Na parte na tarde foi realizada uma mesa redonda com O Tema \u201cRedes em Movimento\u201d com a exposi\u00e7\u00e3o de\u00a0 experi\u00eancias de CAPS de Santa Maria, S\u00e3o Louren\u00e7o, Tr\u00eas de Maio, Alegrete e\u00a0 Santa Rosa e tamb\u00e9m houve uma explana\u00e7\u00e3o do setor de Sa\u00fade mental da 14\u00aa CRS\/RS. Na parte da noite\u00a0 a mesa redonda\u00a0 teve como tema \u201cAdolesc\u00eancia-Tempo e Lugar tendo como\u00a0 debatedores o Psic\u00f3logo Cl\u00e1udio Joner e o Juiz de Direito do Juizado da Inf\u00e2ncia e juventude Dr. Eduardo S\u00e1vio Busanello tendo como mediador o Presidente da FUMSSAR Dr. Lu\u00eds Ant\u00f4nio Benvegn\u00fa. Os temas abordados tiveram a intera\u00e7\u00e3o dos participantes com plateia formada por diversos segmentos da comunidade, com uma\u00a0 presen\u00e7a maci\u00e7a no turno da noite por estudantes de diversos educand\u00e1rios da cidade e da regi\u00e3o.<\/p>\n<p>\u00a0\u00a0\u00a0\u00a0\u00a0\u00a0\u00a0\u00a0\u00a0\u00a0\u00a0 O Presidente da Funda\u00e7\u00e3o Municipal de Sa\u00fade de Santa Rosa Dr. Lu\u00eds Ant\u00f4nio Benvegn\u00fa frisou no encerramento do F\u00f3rum a import\u00e2ncia da discuss\u00e3o dos temas propostos uma vez que a droga e o alcoolismo s\u00e3o\u00a0 um problema que afeta boa parte da popula\u00e7\u00e3o, e o assunto deve ser debatido buscando ampliar conhecimentos tanto para\u00a0 t\u00e9cnicos como para\u00a0 familiares\u00a0 de usu\u00e1rios. Benvegn\u00fa ressaltou ainda que a sociedade num todo tem que ficar alerta para este tema, e que atual gest\u00e3o da FUMSSAR trata a depend\u00eancia qu\u00edmica como uma das suas prioridade, destacando a dedica\u00e7\u00e3o da equipe do CAPS AD que realiza um atendimento de n\u00edvel aos pacientes.<\/p>\n<p>A Coordenadora do CAPS AD de Santa Rosa a Enfermeira Cl\u00e1udia Roncato destacou que a terceira edi\u00e7\u00e3o do F\u00f3rum\u00a0 foi realizada na data do dia 26 de junho, pois a Organiza\u00e7\u00e3o das Na\u00e7\u00f5es Unidas \u2013ONU\u00a0 designou a data como\u00a0 o Dia Internacional da Luta Contra o Uso e O Tr\u00e1fico de Drogas e no Brasil a data foi adotada como Dia Nacional\u00a0\u00a0 de Combate \u00e0s Drogas. Cl\u00e1udia destacou que o evento teve muito \u00eaxito tendo em vista a qualidade dos palestrantes bem como a troca de experi\u00eancias entre os profissionais dos munic\u00edpios presentes no evento.<\/p>\n","protected":false},"excerpt":{"rendered":"<p>\u00a0 O evento foi realizado pelo Centro de Aten\u00e7\u00e3o Psicossocial \u00c1lcool e Drogas-CAPS AD Movimento,&#8230;<\/p>\n","protected":false},"author":11,"featured_media":1958,"comment_status":"open","ping_status":"open","sticky":false,"template":"","format":"standard","meta":{"footnotes":""},"categories":[2],"tags":[],"_links":{"self":[{"href":"https:\/\/www.fumssar.com.br\/index.php?rest_route=\/wp\/v2\/posts\/1957"}],"collection":[{"href":"https:\/\/www.fumssar.com.br\/index.php?rest_route=\/wp\/v2\/posts"}],"about":[{"href":"https:\/\/www.fumssar.com.br\/index.php?rest_route=\/wp\/v2\/types\/post"}],"author":[{"embeddable":true,"href":"https:\/\/www.fumssar.com.br\/index.php?rest_route=\/wp\/v2\/users\/11"}],"replies":[{"embeddable":true,"href":"https:\/\/www.fumssar.com.br\/index.php?rest_route=%2Fwp%2Fv2%2Fcomments&post=1957"}],"version-history":[{"count":1,"href":"https:\/\/www.fumssar.com.br\/index.php?rest_route=\/wp\/v2\/posts\/1957\/revisions"}],"predecessor-version":[{"id":1961,"href":"https:\/\/www.fumssar.com.br\/index.php?rest_route=\/wp\/v2\/posts\/1957\/revisions\/1961"}],"wp:featuredmedia":[{"embeddable":true,"href":"https:\/\/www.fumssar.com.br\/index.php?rest_route=\/wp\/v2\/media\/1958"}],"wp:attachment":[{"href":"https:\/\/www.fumssar.com.br\/index.php?rest_route=%2Fwp%2Fv2%2Fmedia&parent=1957"}],"wp:term":[{"taxonomy":"category","embeddable":true,"href":"https:\/\/www.fumssar.com.br\/index.php?rest_route=%2Fwp%2Fv2%2Fcategories&post=1957"},{"taxonomy":"post_tag","embeddable":true,"href":"https:\/\/www.fumssar.com.br\/index.php?rest_route=%2Fwp%2Fv2%2Ftags&post=1957"}],"curies":[{"name":"wp","href":"https:\/\/api.w.org\/{rel}","templated":true}]}}