{"id":19569,"date":"2021-11-10T16:49:42","date_gmt":"2021-11-10T19:49:42","guid":{"rendered":"http:\/\/www.fumssar.com.br\/?p=19569"},"modified":"2024-10-07T16:33:44","modified_gmt":"2024-10-07T19:33:44","slug":"santa-rosa-e-referencia-no-atendimento-do-autista","status":"publish","type":"post","link":"https:\/\/www.fumssar.com.br\/?p=19569","title":{"rendered":"Santa Rosa \u00e9 refer\u00eancia no atendimento do Autista"},"content":{"rendered":"\n<h3 class=\"wp-block-heading\">A equipe do Centro Macrorregional em Autismo tem realizado visitas t\u00e9cnicas <\/h3>\n\n\n\n<figure class=\"wp-block-image\"><img loading=\"lazy\" decoding=\"async\" width=\"1024\" height=\"768\" src=\"http:\/\/www.fumssar.com.br\/wp-content\/uploads\/2021\/11\/IMG_20211103_155155726_HDR-1024x768.jpg\" alt=\"\" class=\"wp-image-19570\" srcset=\"https:\/\/www.fumssar.com.br\/wp-content\/uploads\/2021\/11\/IMG_20211103_155155726_HDR-1024x768.jpg 1024w, https:\/\/www.fumssar.com.br\/wp-content\/uploads\/2021\/11\/IMG_20211103_155155726_HDR-300x225.jpg 300w, https:\/\/www.fumssar.com.br\/wp-content\/uploads\/2021\/11\/IMG_20211103_155155726_HDR-768x576.jpg 768w\" sizes=\"(max-width: 1024px) 100vw, 1024px\" \/><\/figure>\n\n\n\n<p>O Centro Macrorregional de Refer\u00eancia em Transtorno do Espectro do Autismo (TEA) realizou na \u00faltima semana, diversas visitas t\u00e9cnicas em Santa Rosa. A equipe esteve na AFAPENE e na APADA. Os profissionais tamb\u00e9m participaram de uma reuni\u00e3o online com o estado e os demais Centros Macrorregionais do RS. <br><br>Nas visitas t\u00e9cnicas participaram representantes da equipe multiprofissional da MacroTEA: m\u00e9dico neurologista, fonoaudi\u00f3loga, psicopedagoga e 2 psic\u00f3logas. Eles estiveram conversando com os profissionais da AFAPENE e da APADA. Na oportunidade, foi tratado sobre o fluxo de encaminhamento de pessoas com risco ou diagn\u00f3stico de Transtorno do Espectro Autista, diagn\u00f3stico e tratamento.<br><br>Segundo a psic\u00f3loga Fl\u00e1via Albuquerque, coordenadora do CMR TEAcolhe Santa Rosa, o centro tem como objetivo oferecer retaguarda assistencial e suporte t\u00e9cnico-pedag\u00f3gico para as equipes dos munic\u00edpios da macrorregi\u00e3o. O suporte \u00e9 realizado por meio de matriciamento, nas \u00e1reas de sa\u00fade, educa\u00e7\u00e3o e assist\u00eancia social, &#8220;Nosso desejo \u00e9 construir conjuntamente com as equipes de sa\u00fade, educa\u00e7\u00e3o e assist\u00eancia social dos munic\u00edpios da macrorregional, projetos e propostas de interven\u00e7\u00e3o que atendam as diferentes necessidades de cada realidade, promovendo v\u00ednculo interpessoal e apoio institucional&#8221;, destaca Fl\u00e1via. <br><br>O Centro Macrorregional de Refer\u00eancia em Transtorno do Espectro do Autismo(TEA) atende Santa Rosa e mais 78 munic\u00edpios pertencentes da Macrorregi\u00e3o de Sa\u00fade Missioneira, localizada no noroeste do Estado do Rio Grande do Sul.<\/p>\n\n\n\n<figure class=\"wp-block-image\"><img loading=\"lazy\" decoding=\"async\" width=\"1024\" height=\"443\" src=\"http:\/\/www.fumssar.com.br\/wp-content\/uploads\/2021\/11\/WhatsApp-Image-2021-11-05-at-15.04.14-1024x443.jpeg\" alt=\"\" class=\"wp-image-19571\" srcset=\"https:\/\/www.fumssar.com.br\/wp-content\/uploads\/2021\/11\/WhatsApp-Image-2021-11-05-at-15.04.14-1024x443.jpeg 1024w, https:\/\/www.fumssar.com.br\/wp-content\/uploads\/2021\/11\/WhatsApp-Image-2021-11-05-at-15.04.14-300x130.jpeg 300w, https:\/\/www.fumssar.com.br\/wp-content\/uploads\/2021\/11\/WhatsApp-Image-2021-11-05-at-15.04.14-768x332.jpeg 768w, https:\/\/www.fumssar.com.br\/wp-content\/uploads\/2021\/11\/WhatsApp-Image-2021-11-05-at-15.04.14.jpeg 1267w\" sizes=\"(max-width: 1024px) 100vw, 1024px\" \/><\/figure>\n","protected":false},"excerpt":{"rendered":"<p>A equipe do Centro Macrorregional em Autismo tem realizado visitas t\u00e9cnicas O Centro Macrorregional de&#8230;<\/p>\n","protected":false},"author":36,"featured_media":19570,"comment_status":"closed","ping_status":"closed","sticky":false,"template":"","format":"standard","meta":{"footnotes":""},"categories":[2],"tags":[],"_links":{"self":[{"href":"https:\/\/www.fumssar.com.br\/index.php?rest_route=\/wp\/v2\/posts\/19569"}],"collection":[{"href":"https:\/\/www.fumssar.com.br\/index.php?rest_route=\/wp\/v2\/posts"}],"about":[{"href":"https:\/\/www.fumssar.com.br\/index.php?rest_route=\/wp\/v2\/types\/post"}],"author":[{"embeddable":true,"href":"https:\/\/www.fumssar.com.br\/index.php?rest_route=\/wp\/v2\/users\/36"}],"replies":[{"embeddable":true,"href":"https:\/\/www.fumssar.com.br\/index.php?rest_route=%2Fwp%2Fv2%2Fcomments&post=19569"}],"version-history":[{"count":1,"href":"https:\/\/www.fumssar.com.br\/index.php?rest_route=\/wp\/v2\/posts\/19569\/revisions"}],"predecessor-version":[{"id":19572,"href":"https:\/\/www.fumssar.com.br\/index.php?rest_route=\/wp\/v2\/posts\/19569\/revisions\/19572"}],"wp:featuredmedia":[{"embeddable":true,"href":"https:\/\/www.fumssar.com.br\/index.php?rest_route=\/wp\/v2\/media\/19570"}],"wp:attachment":[{"href":"https:\/\/www.fumssar.com.br\/index.php?rest_route=%2Fwp%2Fv2%2Fmedia&parent=19569"}],"wp:term":[{"taxonomy":"category","embeddable":true,"href":"https:\/\/www.fumssar.com.br\/index.php?rest_route=%2Fwp%2Fv2%2Fcategories&post=19569"},{"taxonomy":"post_tag","embeddable":true,"href":"https:\/\/www.fumssar.com.br\/index.php?rest_route=%2Fwp%2Fv2%2Ftags&post=19569"}],"curies":[{"name":"wp","href":"https:\/\/api.w.org\/{rel}","templated":true}]}}