{"id":19554,"date":"2021-11-09T15:27:47","date_gmt":"2021-11-09T18:27:47","guid":{"rendered":"http:\/\/www.fumssar.com.br\/?p=19554"},"modified":"2024-10-07T16:33:44","modified_gmt":"2024-10-07T19:33:44","slug":"central-de-vacinas-covid-19","status":"publish","type":"post","link":"https:\/\/www.fumssar.com.br\/?p=19554","title":{"rendered":"Central de Vacinas &#8211; COVID-19"},"content":{"rendered":"\n<figure class=\"wp-block-image\"><img loading=\"lazy\" decoding=\"async\" width=\"1024\" height=\"1024\" src=\"https:\/\/www.fumssar.com.br\/wp-content\/uploads\/2021\/11\/Faixas-e-Grupos-1024x1024.png\" alt=\"\" class=\"wp-image-19555\" srcset=\"https:\/\/www.fumssar.com.br\/wp-content\/uploads\/2021\/11\/Faixas-e-Grupos-1024x1024.png 1024w, https:\/\/www.fumssar.com.br\/wp-content\/uploads\/2021\/11\/Faixas-e-Grupos-150x150.png 150w, https:\/\/www.fumssar.com.br\/wp-content\/uploads\/2021\/11\/Faixas-e-Grupos-300x300.png 300w, https:\/\/www.fumssar.com.br\/wp-content\/uploads\/2021\/11\/Faixas-e-Grupos-768x768.png 768w, https:\/\/www.fumssar.com.br\/wp-content\/uploads\/2021\/11\/Faixas-e-Grupos.png 1080w\" sizes=\"(max-width: 1024px) 100vw, 1024px\" \/><\/figure>\n\n\n\n<p>A Funda\u00e7\u00e3o de Sa\u00fade centralizou a vacina\u00e7\u00e3o contra a COVID-19 em dois locais de Santa Rosa. De 03 a 05 de novembro foram realizadas 1.353 doses na Central, tendo como m\u00e9dia 451 aplica\u00e7\u00f5es por dia. A vacina\u00e7\u00e3o realizada na Central de Vacinas, n\u00e3o precisa mais de agendamento. O atendimento ocorre por ordem de chegada. Nas segundas, ter\u00e7as e quintas-feiras s\u00e3o aplicadas segundas doses (D2). Na quartas e sextas-feiras s\u00e3o realizadas as primeiras doses (D1) e as doses de refor\u00e7o (DR). A aplica\u00e7\u00e3o acontece conforme os grupos e faixas et\u00e1rias divulgados no site da Funda\u00e7\u00e3o, no menu COVID-19, na aba \u201cQuem pode se Vacinar Agora?\u201d.<\/p>\n\n\n\n<p>As doses s\u00e3o aplicadas no pr\u00e9dio da FUMSSAR, Rua Dr. Francisco Timm, 480 centro, no subsolo (entrada pela lateral) e na UBS Pereira, na Rua Augusto Pestana, 338, Pereira (entrada pela lateral). O atendimento acontece em dois turnos: manh\u00e3, das 8h \u00e0s 11h e tarde das 13h30 \u00e0s 17h. Nas quartas-feiras, o hor\u00e1rio da Central da FUMSSAR se estende at\u00e9 \u00e0s 19h30. O T\u00e9cnico em Telecomunica\u00e7\u00f5es, Elton Giacomelli esteve na Central de Vacinas para fazer sua segunda dose e falou sobre o atendimento, \u201cMesmo com a demanda, o atendimento dos profissionais na Central de Vacinas est\u00e1 sendo muito organizado\u201d. Os moradores de Santa Rosa que forem se vacinar precisam levar documento com foto, CPF, cart\u00e3o SUS e a caderneta de vacina\u00e7\u00e3o. Os jovens, a partir de 14 anos, precisam ir acompanhados dos pais ou respons\u00e1vel legal, ou ainda, levar preenchida a declara\u00e7\u00e3o do participante da vacina\u00e7\u00e3o, disponibilizada pela Unidade B\u00e1sica de Sa\u00fade.<\/p>\n\n\n\n<p>As primeiras doses (D1) est\u00e3o sendo realizadas, por faixa et\u00e1ria, para pessoas a partir dos 12 anos. As segundas doses (D2) Coronavac s\u00e3o realizadas ap\u00f3s 28 dias da primeira dose. Astrazeneca e Pfizer, ap\u00f3s oito semanas da primeira dose. A 3\u00aa Dose &#8211; Dose de Refor\u00e7o est\u00e1 sendo realizada para pessoas a partir de 60 anos, ap\u00f3s 180 dias (6 meses) de ter feito a 2\u00aa dose, para pessoas com alto grau de imunossupress\u00e3o ap\u00f3s 28 dias da 2\u00aa dose e para os profissionais de sa\u00fade,  que fizeram a 2\u00aa dose at\u00e9 31 de mar\u00e7o (os profissionais devem apresentar comprovante que trabalham na \u00e1rea da sa\u00fade). <br><br>At\u00e9 o momento, j\u00e1 foram realizadas 116.324 vacinas. Do total, 60.105 foram de D1 (Primeira Dose), essa quantidade corresponde a 82% da popula\u00e7\u00e3o vacinada, 50.009 de D2 (Segunda Dose) e 2.260 de D.U (Dose \u00danica), sendo assim temos 52.269 pessoas com a imuniza\u00e7\u00e3o completa, 71% dos santa-rosenses. Al\u00e9m disso, j\u00e1 foram aplicadas tamb\u00e9m, 3.950 Doses de Refor\u00e7o (DR).<\/p>\n","protected":false},"excerpt":{"rendered":"<p>A Funda\u00e7\u00e3o de Sa\u00fade centralizou a vacina\u00e7\u00e3o contra a COVID-19 em dois locais de Santa&#8230;<\/p>\n","protected":false},"author":36,"featured_media":19555,"comment_status":"closed","ping_status":"closed","sticky":false,"template":"","format":"standard","meta":{"footnotes":""},"categories":[152,2],"tags":[],"_links":{"self":[{"href":"https:\/\/www.fumssar.com.br\/index.php?rest_route=\/wp\/v2\/posts\/19554"}],"collection":[{"href":"https:\/\/www.fumssar.com.br\/index.php?rest_route=\/wp\/v2\/posts"}],"about":[{"href":"https:\/\/www.fumssar.com.br\/index.php?rest_route=\/wp\/v2\/types\/post"}],"author":[{"embeddable":true,"href":"https:\/\/www.fumssar.com.br\/index.php?rest_route=\/wp\/v2\/users\/36"}],"replies":[{"embeddable":true,"href":"https:\/\/www.fumssar.com.br\/index.php?rest_route=%2Fwp%2Fv2%2Fcomments&post=19554"}],"version-history":[{"count":1,"href":"https:\/\/www.fumssar.com.br\/index.php?rest_route=\/wp\/v2\/posts\/19554\/revisions"}],"predecessor-version":[{"id":19556,"href":"https:\/\/www.fumssar.com.br\/index.php?rest_route=\/wp\/v2\/posts\/19554\/revisions\/19556"}],"wp:featuredmedia":[{"embeddable":true,"href":"https:\/\/www.fumssar.com.br\/index.php?rest_route=\/wp\/v2\/media\/19555"}],"wp:attachment":[{"href":"https:\/\/www.fumssar.com.br\/index.php?rest_route=%2Fwp%2Fv2%2Fmedia&parent=19554"}],"wp:term":[{"taxonomy":"category","embeddable":true,"href":"https:\/\/www.fumssar.com.br\/index.php?rest_route=%2Fwp%2Fv2%2Fcategories&post=19554"},{"taxonomy":"post_tag","embeddable":true,"href":"https:\/\/www.fumssar.com.br\/index.php?rest_route=%2Fwp%2Fv2%2Ftags&post=19554"}],"curies":[{"name":"wp","href":"https:\/\/api.w.org\/{rel}","templated":true}]}}