{"id":19549,"date":"2021-11-09T10:16:34","date_gmt":"2021-11-09T13:16:34","guid":{"rendered":"http:\/\/www.fumssar.com.br\/?p=19549"},"modified":"2024-10-07T16:33:44","modified_gmt":"2024-10-07T19:33:44","slug":"fumssar-conta-com-grupo-de-manejo-da-dor-cronica","status":"publish","type":"post","link":"https:\/\/www.fumssar.com.br\/?p=19549","title":{"rendered":"FUMSSAR conta com Grupo de Manejo da Dor Cr\u00f4nica"},"content":{"rendered":"\n<figure class=\"wp-block-image\"><img loading=\"lazy\" decoding=\"async\" width=\"1024\" height=\"768\" src=\"https:\/\/www.fumssar.com.br\/wp-content\/uploads\/2021\/11\/WhatsApp-Image-2021-11-08-at-10.16.38-1024x768.jpeg\" alt=\"\" class=\"wp-image-19550\" srcset=\"https:\/\/www.fumssar.com.br\/wp-content\/uploads\/2021\/11\/WhatsApp-Image-2021-11-08-at-10.16.38-1024x768.jpeg 1024w, https:\/\/www.fumssar.com.br\/wp-content\/uploads\/2021\/11\/WhatsApp-Image-2021-11-08-at-10.16.38-300x225.jpeg 300w, https:\/\/www.fumssar.com.br\/wp-content\/uploads\/2021\/11\/WhatsApp-Image-2021-11-08-at-10.16.38-768x576.jpeg 768w, https:\/\/www.fumssar.com.br\/wp-content\/uploads\/2021\/11\/WhatsApp-Image-2021-11-08-at-10.16.38.jpeg 1280w\" sizes=\"(max-width: 1024px) 100vw, 1024px\" \/><\/figure>\n\n\n\n<p>A Funda\u00e7\u00e3o Municipal de Sa\u00fade de Santa Rosa disponibiliza para a popula\u00e7\u00e3o um grupo que faz parte de um projeto denominado: \u201cGrupo de Manejo da Dor Cr\u00f4nica\u201d. O projeto tem como objetivo, por meio de exerc\u00edcios f\u00edsicos, prevenir e auxiliar no tratamento de diversas patologias. O trabalho \u00e9 destinado para pessoas portadoras de doen\u00e7as osteomusculares. Nas sess\u00f5es s\u00e3o realizados alongamentos e exerc\u00edcios de refor\u00e7o muscular conforme as patologias e as condi\u00e7\u00f5es dos pacientes, obtendo diminui\u00e7\u00e3o do quadro de dor e consequente melhoria da autonomia e qualidade de vida.<br><br>Fazem parte das doen\u00e7as osteomusculares, as tendinites (particularmente do ombro, cotovelo e punho), as lombalgias (dores na regi\u00e3o lombar, tor\u00e1cica e cervical) e as mialgias (dores musculares) em diversos locais do corpo. S\u00e3o enfermidades que afetam os ossos, m\u00fasculos, tend\u00f5es, articula\u00e7\u00f5es e nervos. O projeto \u00e9 realizado por tr\u00eas educadores f\u00edsicos: Tanise Concli, Daniela Konzen e Rog\u00e9rio Santos da Silva. A educadora f\u00edsica, Tanise Concli destaca os benef\u00edcios que o grupo de manejo da dor cr\u00f4nica proporciona aos pacientes que realizam os exerc\u00edcios, \u201cAs atividades desenvolvidas no projeto favorecem a mobilidade articular, a for\u00e7a, trazem diminui\u00e7\u00e3o do quadro de dor e melhoria da condi\u00e7\u00e3o f\u00edsica como um todo, proporcionando maior autonomia e melhor qualidade de vida para os indiv\u00edduos. Al\u00e9m, de incentivar a inser\u00e7\u00e3o da pr\u00e1tica de exerc\u00edcios f\u00edsicos na rotina dos pacientes e capacitar eles para dar continuidade no tratamento em casa\u201d.<br><br>Para fazer parte do projeto de manejo da dor cr\u00f4nica, os pacientes que possuem alguma doen\u00e7a osteomuscular precisam ser encaminhados pela Unidade B\u00e1sica de Sa\u00fade que realiza o agendamento das sess\u00f5es.  Os grupos s\u00e3o de no m\u00e1ximo 08 pessoas e os encontros s\u00e3o semanais, nas salas das Pr\u00e1ticas Integrativas e Complementares (PICS). O tempo estipulado de tratamento para cada paciente \u00e9 de no m\u00ednimo 90 dias. A dona de casa, Alice Maria Welter, 68 anos, participa do grupo de manejo da dor cr\u00f4nica e foi encaminhada pela UBS com dores na coluna (lombalgia) e artrose, \u201cH\u00e1 anos realizo tratamento para lombalgia e n\u00e3o estava obtendo melhoras com os medicamentos. O m\u00e9dico da UBS me indicou para participar do grupo de manejo da dor cr\u00f4nica e desde que comecei, tenho percebido diminui\u00e7\u00e3o da dor e melhora na minha mobilidade, consigo caminhar melhor. Estou muito contente e grata por esse servi\u00e7o que \u00e9 oferecido para a popula\u00e7\u00e3o\u201d. As sess\u00f5es realizadas no grupo de manejo da dor cr\u00f4nica ajudam a ampliar a mobilidade articular e fortalecer a musculatura de forma a evitar agravos maiores decorrentes das patologias.<\/p>\n\n\n\n<figure class=\"wp-block-image\"><img loading=\"lazy\" decoding=\"async\" width=\"1024\" height=\"768\" src=\"https:\/\/www.fumssar.com.br\/wp-content\/uploads\/2021\/11\/WhatsApp-Image-2021-11-08-at-10.16.38-1-1024x768.jpeg\" alt=\"\" class=\"wp-image-19551\" srcset=\"https:\/\/www.fumssar.com.br\/wp-content\/uploads\/2021\/11\/WhatsApp-Image-2021-11-08-at-10.16.38-1-1024x768.jpeg 1024w, https:\/\/www.fumssar.com.br\/wp-content\/uploads\/2021\/11\/WhatsApp-Image-2021-11-08-at-10.16.38-1-300x225.jpeg 300w, https:\/\/www.fumssar.com.br\/wp-content\/uploads\/2021\/11\/WhatsApp-Image-2021-11-08-at-10.16.38-1-768x576.jpeg 768w, https:\/\/www.fumssar.com.br\/wp-content\/uploads\/2021\/11\/WhatsApp-Image-2021-11-08-at-10.16.38-1.jpeg 1280w\" sizes=\"(max-width: 1024px) 100vw, 1024px\" \/><\/figure>\n","protected":false},"excerpt":{"rendered":"<p>A Funda\u00e7\u00e3o Municipal de Sa\u00fade de Santa Rosa disponibiliza para a popula\u00e7\u00e3o um grupo que&#8230;<\/p>\n","protected":false},"author":36,"featured_media":19550,"comment_status":"closed","ping_status":"closed","sticky":false,"template":"","format":"standard","meta":{"footnotes":""},"categories":[2],"tags":[],"_links":{"self":[{"href":"https:\/\/www.fumssar.com.br\/index.php?rest_route=\/wp\/v2\/posts\/19549"}],"collection":[{"href":"https:\/\/www.fumssar.com.br\/index.php?rest_route=\/wp\/v2\/posts"}],"about":[{"href":"https:\/\/www.fumssar.com.br\/index.php?rest_route=\/wp\/v2\/types\/post"}],"author":[{"embeddable":true,"href":"https:\/\/www.fumssar.com.br\/index.php?rest_route=\/wp\/v2\/users\/36"}],"replies":[{"embeddable":true,"href":"https:\/\/www.fumssar.com.br\/index.php?rest_route=%2Fwp%2Fv2%2Fcomments&post=19549"}],"version-history":[{"count":1,"href":"https:\/\/www.fumssar.com.br\/index.php?rest_route=\/wp\/v2\/posts\/19549\/revisions"}],"predecessor-version":[{"id":19552,"href":"https:\/\/www.fumssar.com.br\/index.php?rest_route=\/wp\/v2\/posts\/19549\/revisions\/19552"}],"wp:featuredmedia":[{"embeddable":true,"href":"https:\/\/www.fumssar.com.br\/index.php?rest_route=\/wp\/v2\/media\/19550"}],"wp:attachment":[{"href":"https:\/\/www.fumssar.com.br\/index.php?rest_route=%2Fwp%2Fv2%2Fmedia&parent=19549"}],"wp:term":[{"taxonomy":"category","embeddable":true,"href":"https:\/\/www.fumssar.com.br\/index.php?rest_route=%2Fwp%2Fv2%2Fcategories&post=19549"},{"taxonomy":"post_tag","embeddable":true,"href":"https:\/\/www.fumssar.com.br\/index.php?rest_route=%2Fwp%2Fv2%2Ftags&post=19549"}],"curies":[{"name":"wp","href":"https:\/\/api.w.org\/{rel}","templated":true}]}}