{"id":19536,"date":"2021-11-05T15:21:23","date_gmt":"2021-11-05T18:21:23","guid":{"rendered":"http:\/\/www.fumssar.com.br\/?p=19536"},"modified":"2024-10-07T16:33:44","modified_gmt":"2024-10-07T19:33:44","slug":"dose-de-reforco-para-profissionais-da-saude","status":"publish","type":"post","link":"https:\/\/www.fumssar.com.br\/?p=19536","title":{"rendered":"Dose de refor\u00e7o para profissionais da sa\u00fade"},"content":{"rendered":"\n<figure class=\"wp-block-image\"><img loading=\"lazy\" decoding=\"async\" width=\"1024\" height=\"768\" src=\"https:\/\/www.fumssar.com.br\/wp-content\/uploads\/2021\/11\/WhatsApp-Image-2021-11-04-at-11.02.16-1-1024x768.jpeg\" alt=\"\" class=\"wp-image-19537\" srcset=\"https:\/\/www.fumssar.com.br\/wp-content\/uploads\/2021\/11\/WhatsApp-Image-2021-11-04-at-11.02.16-1-1024x768.jpeg 1024w, https:\/\/www.fumssar.com.br\/wp-content\/uploads\/2021\/11\/WhatsApp-Image-2021-11-04-at-11.02.16-1-300x225.jpeg 300w, https:\/\/www.fumssar.com.br\/wp-content\/uploads\/2021\/11\/WhatsApp-Image-2021-11-04-at-11.02.16-1-768x576.jpeg 768w, https:\/\/www.fumssar.com.br\/wp-content\/uploads\/2021\/11\/WhatsApp-Image-2021-11-04-at-11.02.16-1.jpeg 1156w\" sizes=\"(max-width: 1024px) 100vw, 1024px\" \/><\/figure>\n\n\n\n<p>Esta semana Santa Rosa recebeu novas doses de vacina enviadas pela SES\/RS \u2013 Secretaria de Sa\u00fade do Rio Grande do Sul. O quantitativo foi destinado para a aplica\u00e7\u00e3o da Dose de Refor\u00e7o (DR), nos profissionais da sa\u00fade do munic\u00edpio. Do total, 584 doses v\u00e3o ser aplicadas nos profissionais do Hospital Vida e Sa\u00fade e o restante nos demais profissionais da \u00e1rea. Os que completaram seu esquema vacinal com as duas doses ou dose \u00fanica at\u00e9 o final de mar\u00e7o, podem procurar a Central de Vacinas nos dias em quem s\u00e3o aplicadas as Doses de Refor\u00e7o.<br><br>\u00c9 necess\u00e1rio apresentar comprovante que atua na \u00e1rea da sa\u00fade e levar documento com foto, CPF, cart\u00e3o SUS e a caderneta de vacina\u00e7\u00e3o. A Central de Vacinas est\u00e1 localizada em dois endere\u00e7os, no centro, no pr\u00e9dio da FUMSSAR, na Vigil\u00e2ncia, Rua Dr. Francisco Timm 480 e na UBS Pereira, na Rua Augusto Pestana, 338, Pereira. O atendimento funciona em dois turnos: manh\u00e3, das 8h \u00e0s 11h e tarde das 13h30 \u00e0s 17h. Nas quartas-feiras, o hor\u00e1rio da Central da FUMSSAR se estende at\u00e9 \u00e0s 19h30.<\/p>\n","protected":false},"excerpt":{"rendered":"<p>Esta semana Santa Rosa recebeu novas doses de vacina enviadas pela SES\/RS \u2013 Secretaria de&#8230;<\/p>\n","protected":false},"author":36,"featured_media":19537,"comment_status":"closed","ping_status":"closed","sticky":false,"template":"","format":"standard","meta":{"footnotes":""},"categories":[152,2],"tags":[],"_links":{"self":[{"href":"https:\/\/www.fumssar.com.br\/index.php?rest_route=\/wp\/v2\/posts\/19536"}],"collection":[{"href":"https:\/\/www.fumssar.com.br\/index.php?rest_route=\/wp\/v2\/posts"}],"about":[{"href":"https:\/\/www.fumssar.com.br\/index.php?rest_route=\/wp\/v2\/types\/post"}],"author":[{"embeddable":true,"href":"https:\/\/www.fumssar.com.br\/index.php?rest_route=\/wp\/v2\/users\/36"}],"replies":[{"embeddable":true,"href":"https:\/\/www.fumssar.com.br\/index.php?rest_route=%2Fwp%2Fv2%2Fcomments&post=19536"}],"version-history":[{"count":1,"href":"https:\/\/www.fumssar.com.br\/index.php?rest_route=\/wp\/v2\/posts\/19536\/revisions"}],"predecessor-version":[{"id":19538,"href":"https:\/\/www.fumssar.com.br\/index.php?rest_route=\/wp\/v2\/posts\/19536\/revisions\/19538"}],"wp:featuredmedia":[{"embeddable":true,"href":"https:\/\/www.fumssar.com.br\/index.php?rest_route=\/wp\/v2\/media\/19537"}],"wp:attachment":[{"href":"https:\/\/www.fumssar.com.br\/index.php?rest_route=%2Fwp%2Fv2%2Fmedia&parent=19536"}],"wp:term":[{"taxonomy":"category","embeddable":true,"href":"https:\/\/www.fumssar.com.br\/index.php?rest_route=%2Fwp%2Fv2%2Fcategories&post=19536"},{"taxonomy":"post_tag","embeddable":true,"href":"https:\/\/www.fumssar.com.br\/index.php?rest_route=%2Fwp%2Fv2%2Ftags&post=19536"}],"curies":[{"name":"wp","href":"https:\/\/api.w.org\/{rel}","templated":true}]}}