{"id":1948,"date":"2014-06-24T20:05:53","date_gmt":"2014-06-24T20:05:53","guid":{"rendered":"http:\/\/www.fumssar.com.br\/?p=1948"},"modified":"2024-10-07T16:36:18","modified_gmt":"2024-10-07T19:36:18","slug":"iii-forum-de-saude-mental-alcool-e-drogas","status":"publish","type":"post","link":"https:\/\/www.fumssar.com.br\/?p=1948","title":{"rendered":"III F\u00f3rum  de Sa\u00fade Mental \u00c1lcool e Drogas"},"content":{"rendered":"<p>Convite<br \/>\nFunda\u00e7\u00e3o Municipal da Sa\u00fade atrav\u00e9s do Centro de Aten\u00e7\u00e3o Psicossocial \u00c1lcool e Drogas \u2013 CAPS AD Movimento t\u00eam a satisfa\u00e7\u00e3o de convid\u00e1-lo (a) para participar do III F\u00f3rum de Sa\u00fade Mental \u00c1lcool e Drogas, alusivo ao dia 26 de junho Dia Internacional da Luta contra o Uso e o Tr\u00e1fico de Drogas e Dia Nacional de Combate \u00e0s Drogas a ser realizado no dia 26 de junho de 2014, no Centro C\u00edvico Ant\u00f4nio Carlos Borges.<\/p>\n<p>Programa\u00e7\u00e3o<br \/>\n13:30 Abertura<br \/>\n14:00 Mesa Redonda- Redes em Movimento<br \/>\nFabiana Breitenbach \u2013 M\u00e9dica do CAPS AD Movimento Santa Rosa<br \/>\nDouglas Plack Hammes &#8211; Enfermeiro CAPS I Tr\u00eas de Maio<br \/>\n15:30 Coffee &#8211; Break<br \/>\n15:45 Continua\u00e7\u00e3o Mesa Redonda- Redes em Movimento<br \/>\nRepresentante CAPS AD S\u00e3o Louren\u00e7o<br \/>\nRepresentante CAPS AD Alegrete<br \/>\nD\u00f3ris Clarita Buttenbender- Coordenadora Regional de Sa\u00fade Mental 14\u00ba CRS\/RS<\/p>\n<p>19: 30 Abertura<br \/>\n19:45 Mesa redonda \u2013 Adolesc\u00eancia: Tempo e Lugar \u2013 Uma experi\u00eancia no CAPS AD Movimento<br \/>\nDr. Eduardo S\u00e1vio Busanello- Juiz de Direito do Juizado da Inf\u00e2ncia e Juventude<br \/>\nCl\u00e1udio Joner- Psic\u00f3logo do CAPS AD Movimento Santa Rosa<br \/>\nMediador Dr. Luis Ant\u00f4nio Benvegn\u00fa \u2013 Presidente da Funda\u00e7\u00e3o Municipal de Sa\u00fade Santa Rosa.<\/p>\n<p>Contamos com a sua presen\u00e7a.<br \/>\nAtenciosamente,<br \/>\nEquipe CAPS AD Movimento\/Santa Rosa.<br \/>\nInforma\u00e7\u00f5es pelo telefone 3512-3079<br \/>\nE-mail: reducaodedanos@fumssar.com.br<br \/>\nObs: Caso necessite certificado encaminhar nome completo e institui\u00e7\u00e3o por e-mail.<\/p>\n","protected":false},"excerpt":{"rendered":"<p>Convite Funda\u00e7\u00e3o Municipal da Sa\u00fade atrav\u00e9s do Centro de Aten\u00e7\u00e3o Psicossocial \u00c1lcool e Drogas \u2013&#8230;<\/p>\n","protected":false},"author":11,"featured_media":1950,"comment_status":"open","ping_status":"open","sticky":false,"template":"","format":"standard","meta":{"footnotes":""},"categories":[2],"tags":[],"_links":{"self":[{"href":"https:\/\/www.fumssar.com.br\/index.php?rest_route=\/wp\/v2\/posts\/1948"}],"collection":[{"href":"https:\/\/www.fumssar.com.br\/index.php?rest_route=\/wp\/v2\/posts"}],"about":[{"href":"https:\/\/www.fumssar.com.br\/index.php?rest_route=\/wp\/v2\/types\/post"}],"author":[{"embeddable":true,"href":"https:\/\/www.fumssar.com.br\/index.php?rest_route=\/wp\/v2\/users\/11"}],"replies":[{"embeddable":true,"href":"https:\/\/www.fumssar.com.br\/index.php?rest_route=%2Fwp%2Fv2%2Fcomments&post=1948"}],"version-history":[{"count":2,"href":"https:\/\/www.fumssar.com.br\/index.php?rest_route=\/wp\/v2\/posts\/1948\/revisions"}],"predecessor-version":[{"id":1951,"href":"https:\/\/www.fumssar.com.br\/index.php?rest_route=\/wp\/v2\/posts\/1948\/revisions\/1951"}],"wp:featuredmedia":[{"embeddable":true,"href":"https:\/\/www.fumssar.com.br\/index.php?rest_route=\/wp\/v2\/media\/1950"}],"wp:attachment":[{"href":"https:\/\/www.fumssar.com.br\/index.php?rest_route=%2Fwp%2Fv2%2Fmedia&parent=1948"}],"wp:term":[{"taxonomy":"category","embeddable":true,"href":"https:\/\/www.fumssar.com.br\/index.php?rest_route=%2Fwp%2Fv2%2Fcategories&post=1948"},{"taxonomy":"post_tag","embeddable":true,"href":"https:\/\/www.fumssar.com.br\/index.php?rest_route=%2Fwp%2Fv2%2Ftags&post=1948"}],"curies":[{"name":"wp","href":"https:\/\/api.w.org\/{rel}","templated":true}]}}