{"id":1919,"date":"2014-06-20T12:26:32","date_gmt":"2014-06-20T12:26:32","guid":{"rendered":"http:\/\/www.fumssar.com.br\/?p=1919"},"modified":"2024-10-07T16:36:18","modified_gmt":"2024-10-07T19:36:18","slug":"diversao-e-alegria-no-arraial-da-fumssar","status":"publish","type":"post","link":"https:\/\/www.fumssar.com.br\/?p=1919","title":{"rendered":"Divers\u00e3o e Alegria no Arraial da FUMSSAR"},"content":{"rendered":"<p><a href=\"http:\/\/www.fumssar.com.br\/wp-content\/uploads\/2014\/06\/festa-4.jpg\"><img loading=\"lazy\" decoding=\"async\" src=\"http:\/\/www.fumssar.com.br\/wp-content\/uploads\/2014\/06\/festa-4-300x225.jpg\" alt=\"festa 4\" width=\"300\" height=\"225\" class=\"alignnone size-medium wp-image-1923\" srcset=\"https:\/\/www.fumssar.com.br\/wp-content\/uploads\/2014\/06\/festa-4-300x225.jpg 300w, https:\/\/www.fumssar.com.br\/wp-content\/uploads\/2014\/06\/festa-4.jpg 640w\" sizes=\"(max-width: 300px) 100vw, 300px\" \/><\/a><a href=\"http:\/\/www.fumssar.com.br\/wp-content\/uploads\/2014\/06\/festa-2.jpg\"><img loading=\"lazy\" decoding=\"async\" src=\"http:\/\/www.fumssar.com.br\/wp-content\/uploads\/2014\/06\/festa-2-300x224.jpg\" alt=\"festa 2\" width=\"300\" height=\"224\" class=\"alignnone size-medium wp-image-1922\" srcset=\"https:\/\/www.fumssar.com.br\/wp-content\/uploads\/2014\/06\/festa-2-300x224.jpg 300w, https:\/\/www.fumssar.com.br\/wp-content\/uploads\/2014\/06\/festa-2.jpg 448w\" sizes=\"(max-width: 300px) 100vw, 300px\" \/><\/a>Num ambiente muito divertido e alegre servidores da Funda\u00e7\u00e3o Municipal de Sa\u00fade de Santa Rosa, festejaram na noite de quarta-feira (18) o \u201cArraial da FUMSSAR\u201d. O clima de festa junina tomou conta da sede da Associa\u00e7\u00e3o dos Servidores Municipais de Santa Rosa, com comidas t\u00edpicas, m\u00fasicas, dan\u00e7as bem como a realiza\u00e7\u00e3o de um casamento caipira, brincadeiras e sorteio de brindes. A organiza\u00e7\u00e3o do evento buscou dentro do quadro de servidores contribui\u00e7\u00f5es para a realiza\u00e7\u00e3o do evento, onde o retorno foi muito significativo. Segundo uma das organizadoras da festa a servidora Helena Meinart, os servidores que aderiram \u00e0 participa\u00e7\u00e3o na festa contribu\u00edram com muita espontaneidade com um esp\u00edrito de envolvimento festivo e fraterno. M\u00e1rcia Quinzani que tamb\u00e9m organizou o Arraial comemorou o evento como muito positivo, destacando o clima harm\u00f4nico e festivo do grupo que participou da festa.<br \/>\nO Presidente da FUMSSAR Dr.Lu\u00eds Ant\u00f4nio Benvegn\u00fa parabenizou a organiza\u00e7\u00e3o do evento e destacou estes encontros como momentos de confraterniza\u00e7\u00e3o e descontra\u00e7\u00e3o, pois muitos servidores no cotidiano trabalham em diversos setores distanciados, na busca de uma melhor qualidade de vida \u00e0 popula\u00e7\u00e3o. Neste sentido o presidente valoriza a import\u00e2ncia de encontros dos servidores para que haja uma sintonia permanente entre os diversos setores da institui\u00e7\u00e3o.<\/p>\n","protected":false},"excerpt":{"rendered":"<p>Num ambiente muito divertido e alegre servidores da Funda\u00e7\u00e3o Municipal de Sa\u00fade de Santa Rosa,&#8230;<\/p>\n","protected":false},"author":11,"featured_media":1921,"comment_status":"open","ping_status":"open","sticky":false,"template":"","format":"standard","meta":{"footnotes":""},"categories":[2],"tags":[],"_links":{"self":[{"href":"https:\/\/www.fumssar.com.br\/index.php?rest_route=\/wp\/v2\/posts\/1919"}],"collection":[{"href":"https:\/\/www.fumssar.com.br\/index.php?rest_route=\/wp\/v2\/posts"}],"about":[{"href":"https:\/\/www.fumssar.com.br\/index.php?rest_route=\/wp\/v2\/types\/post"}],"author":[{"embeddable":true,"href":"https:\/\/www.fumssar.com.br\/index.php?rest_route=\/wp\/v2\/users\/11"}],"replies":[{"embeddable":true,"href":"https:\/\/www.fumssar.com.br\/index.php?rest_route=%2Fwp%2Fv2%2Fcomments&post=1919"}],"version-history":[{"count":1,"href":"https:\/\/www.fumssar.com.br\/index.php?rest_route=\/wp\/v2\/posts\/1919\/revisions"}],"predecessor-version":[{"id":1924,"href":"https:\/\/www.fumssar.com.br\/index.php?rest_route=\/wp\/v2\/posts\/1919\/revisions\/1924"}],"wp:featuredmedia":[{"embeddable":true,"href":"https:\/\/www.fumssar.com.br\/index.php?rest_route=\/wp\/v2\/media\/1921"}],"wp:attachment":[{"href":"https:\/\/www.fumssar.com.br\/index.php?rest_route=%2Fwp%2Fv2%2Fmedia&parent=1919"}],"wp:term":[{"taxonomy":"category","embeddable":true,"href":"https:\/\/www.fumssar.com.br\/index.php?rest_route=%2Fwp%2Fv2%2Fcategories&post=1919"},{"taxonomy":"post_tag","embeddable":true,"href":"https:\/\/www.fumssar.com.br\/index.php?rest_route=%2Fwp%2Fv2%2Ftags&post=1919"}],"curies":[{"name":"wp","href":"https:\/\/api.w.org\/{rel}","templated":true}]}}