{"id":19178,"date":"2021-09-29T14:10:44","date_gmt":"2021-09-29T17:10:44","guid":{"rendered":"http:\/\/www.fumssar.com.br\/?p=19178"},"modified":"2024-10-07T16:33:46","modified_gmt":"2024-10-07T19:33:46","slug":"1o-seminario-estadual-do-transtorno-do-espectro-autista-2","status":"publish","type":"post","link":"https:\/\/www.fumssar.com.br\/?p=19178","title":{"rendered":"1\u00ba Semin\u00e1rio Estadual do Transtorno do Espectro Autista"},"content":{"rendered":"\n<figure class=\"wp-block-image\"><img loading=\"lazy\" decoding=\"async\" width=\"1024\" height=\"768\" src=\"https:\/\/www.fumssar.com.br\/wp-content\/uploads\/2021\/09\/WhatsApp-Image-2021-09-29-at-11.51.04-1024x768.jpeg\" alt=\"\" class=\"wp-image-19179\" srcset=\"https:\/\/www.fumssar.com.br\/wp-content\/uploads\/2021\/09\/WhatsApp-Image-2021-09-29-at-11.51.04-1024x768.jpeg 1024w, https:\/\/www.fumssar.com.br\/wp-content\/uploads\/2021\/09\/WhatsApp-Image-2021-09-29-at-11.51.04-300x225.jpeg 300w, https:\/\/www.fumssar.com.br\/wp-content\/uploads\/2021\/09\/WhatsApp-Image-2021-09-29-at-11.51.04-768x576.jpeg 768w, https:\/\/www.fumssar.com.br\/wp-content\/uploads\/2021\/09\/WhatsApp-Image-2021-09-29-at-11.51.04.jpeg 1280w\" sizes=\"(max-width: 1024px) 100vw, 1024px\" \/><\/figure>\n\n\n\n<p>Nesta ter\u00e7a-feira (28), foi realizado o 1\u00ba Semin\u00e1rio Estadual do Transtorno do Espectro Autista em Santa Rosa. O evento ocorreu no Centro C\u00edvico Cultural Ant\u00f4nio Carlos Borges e foi organizado pela Funda\u00e7\u00e3o Municipal de Sa\u00fade de Santa Rosa em parceria com o Centro Macrorregional de Refer\u00eancia em Transtorno do Espectro do Autismo. <br><br>O semin\u00e1rio contou com a participa\u00e7\u00e3o de profissionais da educa\u00e7\u00e3o, entidades e autoridades. Mais de 750 pessoas participaram, sendo 360 de forma presencial e demais online. O objetivo do semin\u00e1rio foi oportunizar conhecimento sobre o autismo, o diagn\u00f3stico e os servi\u00e7os oferecidos em Santa Rosa. No evento, foi apresentado o servi\u00e7o e a equipe do Centro Macrorregional em TEA, que est\u00e1 atuando desde o in\u00edcio de setembro. O Centro oferece retaguarda assistencial e suporte t\u00e9cnico-pedag\u00f3gico para as equipes de 79 munic\u00edpios da macrorregi\u00e3o de sa\u00fade por meio de matriciamento, nas \u00e1reas de sa\u00fade, educa\u00e7\u00e3o e assist\u00eancia social. <br><br>Durante o semin\u00e1rio, o presidente da FUMSSAR, D\u00e9lcio Stefan, destacou a import\u00e2ncia do Centro Macrorregional, \u201cAtrav\u00e9s do programa TEAcolhe, o Centro Macrorregional se tornou realidade em Santa Rosa. Ele veio para agregar no servi\u00e7o que j\u00e1 vinha sendo oferecido junto aos profissionais da FUMSSAR, Secretaria de Educa\u00e7\u00e3o e Assist\u00eancia Social, sempre buscando o melhor para os nossos usu\u00e1rios e fam\u00edlias e aperfei\u00e7oando nossos servi\u00e7os para mais munic\u00edpios da nossa macrorregi\u00e3o\u201d. Ao longo da programa\u00e7\u00e3o, foram tratados diversos temas com refer\u00eancia ao autismo. A neuropediatra, Dra. Raquel Binkowski palestrou sobre o tema: &#8220;Transtorno do Espectro Autista: do diagn\u00f3stico ao tratamento &#8211; Aspectos M\u00e9dicos&#8221;. Estudantes fizeram uma apresenta\u00e7\u00e3o art\u00edstica que falava sobre as diferen\u00e7as e a equipe Macrorregional em TEA falou sobre o Desenvolvimento da pessoa com Autismo.<br><br> O Prefeito Anderson Mantei, destacou que oportunidades como a do semin\u00e1rio para discutir a pauta, e o centro para qualificar o atendimento do autismo, s\u00e3o a\u00e7\u00f5es que fazem parte do plano de governo, \u201cEstamos muito contentes e realizados por proporcionar para as fam\u00edlias e para a regi\u00e3o missioneira, um servi\u00e7o de excel\u00eancia, mostrando para a sociedade brasileira um trabalho com uni\u00e3o, feito em conjunto por diversos profissionais que est\u00e3o construindo diariamente uma hist\u00f3ria que ser\u00e1 lembrada, por seu \u00eaxito e relev\u00e2ncia\u201d.<br><br>O deputado Eduardo Loureiro teve sua participa\u00e7\u00e3o online no semin\u00e1rio e parabenizou a gest\u00e3o municipal pelo comprometimento com esta causa e pela realiza\u00e7\u00e3o do semin\u00e1rio estadual com este tema t\u00e3o importante e necess\u00e1rio. O evento contou tamb\u00e9m com a presen\u00e7a da Secret\u00e1ria de Sa\u00fade Adjunta da SES\/RS, Ana Costa, que estava representado tamb\u00e9m, o governo do Rio Grande do Sul. Na oportunidade, ela falou sobre o programa TEAcolhe e destacou que o semin\u00e1rio foi um momento hist\u00f3rico e que atrav\u00e9s dele, muitas fam\u00edlias ser\u00e3o alcan\u00e7adas e colher\u00e3o os frutos deste trabalho, \u201cParabenizamos Santa Rosa pela gest\u00e3o e  pelo excelente trabalho que vem sendo desenvolvido, com a parceria de tantas secretarias e profissionais em prol dos autistas\u201d. <br><br>O Centro Macrorregional em TEA fica junto ao CEREST Fronteira Noroeste, a Farm\u00e1cia Municipal e ao Centro de Pr\u00e1ticas Integrativas e Complementares e atua de segunda \u00e0 sexta-feira das 07h30 \u00e0s 11h30 e das 13h30 \u00e0s 17h30. Segundo a Organiza\u00e7\u00e3o Mundial de Sa\u00fade, o autismo afeta 70 milh\u00f5es de pessoas no mundo.<\/p>\n","protected":false},"excerpt":{"rendered":"<p>Nesta ter\u00e7a-feira (28), foi realizado o 1\u00ba Semin\u00e1rio Estadual do Transtorno do Espectro Autista em&#8230;<\/p>\n","protected":false},"author":36,"featured_media":19179,"comment_status":"closed","ping_status":"closed","sticky":false,"template":"","format":"standard","meta":{"footnotes":""},"categories":[2],"tags":[],"_links":{"self":[{"href":"https:\/\/www.fumssar.com.br\/index.php?rest_route=\/wp\/v2\/posts\/19178"}],"collection":[{"href":"https:\/\/www.fumssar.com.br\/index.php?rest_route=\/wp\/v2\/posts"}],"about":[{"href":"https:\/\/www.fumssar.com.br\/index.php?rest_route=\/wp\/v2\/types\/post"}],"author":[{"embeddable":true,"href":"https:\/\/www.fumssar.com.br\/index.php?rest_route=\/wp\/v2\/users\/36"}],"replies":[{"embeddable":true,"href":"https:\/\/www.fumssar.com.br\/index.php?rest_route=%2Fwp%2Fv2%2Fcomments&post=19178"}],"version-history":[{"count":1,"href":"https:\/\/www.fumssar.com.br\/index.php?rest_route=\/wp\/v2\/posts\/19178\/revisions"}],"predecessor-version":[{"id":19180,"href":"https:\/\/www.fumssar.com.br\/index.php?rest_route=\/wp\/v2\/posts\/19178\/revisions\/19180"}],"wp:featuredmedia":[{"embeddable":true,"href":"https:\/\/www.fumssar.com.br\/index.php?rest_route=\/wp\/v2\/media\/19179"}],"wp:attachment":[{"href":"https:\/\/www.fumssar.com.br\/index.php?rest_route=%2Fwp%2Fv2%2Fmedia&parent=19178"}],"wp:term":[{"taxonomy":"category","embeddable":true,"href":"https:\/\/www.fumssar.com.br\/index.php?rest_route=%2Fwp%2Fv2%2Fcategories&post=19178"},{"taxonomy":"post_tag","embeddable":true,"href":"https:\/\/www.fumssar.com.br\/index.php?rest_route=%2Fwp%2Fv2%2Ftags&post=19178"}],"curies":[{"name":"wp","href":"https:\/\/api.w.org\/{rel}","templated":true}]}}