{"id":19150,"date":"2021-09-24T16:28:07","date_gmt":"2021-09-24T19:28:07","guid":{"rendered":"http:\/\/www.fumssar.com.br\/?p=19150"},"modified":"2024-10-07T16:33:46","modified_gmt":"2024-10-07T19:33:46","slug":"1o-seminario-estadual-do-transtorno-do-espectro-autista","status":"publish","type":"post","link":"https:\/\/www.fumssar.com.br\/?p=19150","title":{"rendered":"1\u00ba Semin\u00e1rio Estadual do Transtorno do Espectro Autista"},"content":{"rendered":"\n<figure class=\"wp-block-image\"><img loading=\"lazy\" decoding=\"async\" width=\"1000\" height=\"600\" src=\"https:\/\/www.fumssar.com.br\/wp-content\/uploads\/2021\/09\/fumssar-santa-rosa-1-1000x600.jpg\" alt=\"\" class=\"wp-image-19151\" srcset=\"https:\/\/www.fumssar.com.br\/wp-content\/uploads\/2021\/09\/fumssar-santa-rosa-1-1000x600.jpg 1000w, https:\/\/www.fumssar.com.br\/wp-content\/uploads\/2021\/09\/fumssar-santa-rosa-1-1000x600-300x180.jpg 300w, https:\/\/www.fumssar.com.br\/wp-content\/uploads\/2021\/09\/fumssar-santa-rosa-1-1000x600-768x461.jpg 768w\" sizes=\"(max-width: 1000px) 100vw, 1000px\" \/><\/figure>\n\n\n\n<p>O Transtorno do Espectro Autista (TEA), popularmente conhecido como autismo, \u00e9 um dist\u00farbio do desenvolvimento que acomete, em m\u00e9dia, uma a cada 59 crian\u00e7as. Segundo a Organiza\u00e7\u00e3o Mundial de Sa\u00fade \u2013 (OMS), o autismo afeta 70 milh\u00f5es de pessoas no mundo. Apesar dos avan\u00e7os cient\u00edficos, existem muitos desafios ligados a essa condi\u00e7\u00e3o. Pensando nisso, a Prefeitura, atrav\u00e9s da FUMSSAR vai realizar no dia 28 de setembro, o 1\u00ba Semin\u00e1rio Estadual do Transtorno do Espectro Autista (TEA) em Santa Rosa.<br> <br> O evento ter\u00e1 a participa\u00e7\u00e3o da Sra. Ana Costa, Secret\u00e1ria de Sa\u00fade Adjunta da SES\/RS e representantes de diversos munic\u00edpios do estado. Durante a programa\u00e7\u00e3o, ser\u00e3o tratados diversos temas com refer\u00eancia ao autismo. A neuropediatra, Dra. Raquel Binkowski vai palestrar sobre o tema: &#8220;Transtorno do Espectro Autista: do diagn\u00f3stico ao tratamento &#8211; Aspectos M\u00e9dicos&#8221; e a equipe do Centro Macrorregional de Refer\u00eancia em Transtorno do Espectro do Autismo vai falar sobre o desenvolvimento da pessoa com Autismo. Al\u00e9m disso, o Semin\u00e1rio vai contar com apresenta\u00e7\u00e3o art\u00edstica e a presen\u00e7a de diversas autoridades e entidades ligadas ao tratamento de pessoas com autismo.<br><br> Para o presidente da FUMSSAR, D\u00e9lcio Stefan, esta \u00e9 uma oportunidade de mostrar para Santa Rosa e para o estado, o trabalho que est\u00e1 sendo feito e que vai ser realizado pelo Centro Macrorregional em TEA, \u201cEstamos muito contentes de trazer para Santa Rosa mais esta refer\u00eancia, para o tratamento de pessoas com autismo. Nosso objetivo \u00e9 buscar sempre o melhor para os nossos usu\u00e1rios e fam\u00edlias, aperfei\u00e7oando nossos servi\u00e7os e auxiliando atrav\u00e9s do matriciamento, os munic\u00edpios da nossa macrorregi\u00e3o\u201d. O semin\u00e1rio ter\u00e1 in\u00edcio \u00e0s 09 horas, na ter\u00e7a-feira (28), o evento ser\u00e1 no Centro C\u00edvico Cultural Ant\u00f4nio Carlos Borges. Ser\u00e1 realizada tamb\u00e9m, a transmiss\u00e3o online, atrav\u00e9s da plataforma Youtube, no canal do Centro Macrorregional em TEA, de Santa Rosa. <\/p>\n\n\n\n<p>*As inscri\u00e7\u00f5es para participar presencialmente ou online, do 1\u00ba Semin\u00e1rio Estadual do Transtorno do Espectro Autista, podem ser realizadas pelo link: https:\/\/forms.gle\/hsCc4HagqJF1sWPR8<\/p>\n","protected":false},"excerpt":{"rendered":"<p>O Transtorno do Espectro Autista (TEA), popularmente conhecido como autismo, \u00e9 um dist\u00farbio do desenvolvimento&#8230;<\/p>\n","protected":false},"author":36,"featured_media":19151,"comment_status":"closed","ping_status":"closed","sticky":false,"template":"","format":"standard","meta":{"footnotes":""},"categories":[2],"tags":[],"_links":{"self":[{"href":"https:\/\/www.fumssar.com.br\/index.php?rest_route=\/wp\/v2\/posts\/19150"}],"collection":[{"href":"https:\/\/www.fumssar.com.br\/index.php?rest_route=\/wp\/v2\/posts"}],"about":[{"href":"https:\/\/www.fumssar.com.br\/index.php?rest_route=\/wp\/v2\/types\/post"}],"author":[{"embeddable":true,"href":"https:\/\/www.fumssar.com.br\/index.php?rest_route=\/wp\/v2\/users\/36"}],"replies":[{"embeddable":true,"href":"https:\/\/www.fumssar.com.br\/index.php?rest_route=%2Fwp%2Fv2%2Fcomments&post=19150"}],"version-history":[{"count":1,"href":"https:\/\/www.fumssar.com.br\/index.php?rest_route=\/wp\/v2\/posts\/19150\/revisions"}],"predecessor-version":[{"id":19152,"href":"https:\/\/www.fumssar.com.br\/index.php?rest_route=\/wp\/v2\/posts\/19150\/revisions\/19152"}],"wp:featuredmedia":[{"embeddable":true,"href":"https:\/\/www.fumssar.com.br\/index.php?rest_route=\/wp\/v2\/media\/19151"}],"wp:attachment":[{"href":"https:\/\/www.fumssar.com.br\/index.php?rest_route=%2Fwp%2Fv2%2Fmedia&parent=19150"}],"wp:term":[{"taxonomy":"category","embeddable":true,"href":"https:\/\/www.fumssar.com.br\/index.php?rest_route=%2Fwp%2Fv2%2Fcategories&post=19150"},{"taxonomy":"post_tag","embeddable":true,"href":"https:\/\/www.fumssar.com.br\/index.php?rest_route=%2Fwp%2Fv2%2Ftags&post=19150"}],"curies":[{"name":"wp","href":"https:\/\/api.w.org\/{rel}","templated":true}]}}