{"id":19141,"date":"2021-09-23T14:39:03","date_gmt":"2021-09-23T17:39:03","guid":{"rendered":"http:\/\/www.fumssar.com.br\/?p=19141"},"modified":"2024-10-07T16:33:46","modified_gmt":"2024-10-07T19:33:46","slug":"fumssar-apresenta-projeto-de-capacitacao-e-planejamento-em-saude","status":"publish","type":"post","link":"https:\/\/www.fumssar.com.br\/?p=19141","title":{"rendered":"FUMSSAR apresenta Projeto de Capacita\u00e7\u00e3o e Planejamento em Sa\u00fade"},"content":{"rendered":"\n<figure class=\"wp-block-image\"><img loading=\"lazy\" decoding=\"async\" width=\"1024\" height=\"768\" src=\"https:\/\/www.fumssar.com.br\/wp-content\/uploads\/2021\/09\/WhatsApp-Image-2021-09-23-at-14.32.41-1024x768.jpeg\" alt=\"\" class=\"wp-image-19142\" srcset=\"https:\/\/www.fumssar.com.br\/wp-content\/uploads\/2021\/09\/WhatsApp-Image-2021-09-23-at-14.32.41-1024x768.jpeg 1024w, https:\/\/www.fumssar.com.br\/wp-content\/uploads\/2021\/09\/WhatsApp-Image-2021-09-23-at-14.32.41-300x225.jpeg 300w, https:\/\/www.fumssar.com.br\/wp-content\/uploads\/2021\/09\/WhatsApp-Image-2021-09-23-at-14.32.41-768x576.jpeg 768w, https:\/\/www.fumssar.com.br\/wp-content\/uploads\/2021\/09\/WhatsApp-Image-2021-09-23-at-14.32.41.jpeg 1280w\" sizes=\"(max-width: 1024px) 100vw, 1024px\" \/><\/figure>\n\n\n\n<p>A Funda\u00e7\u00e3o Municipal de Sa\u00fade de Santa Rosa apresentou nesta quarta-feira (22), o Projeto de Capacita\u00e7\u00e3o e Planejamento em Sa\u00fade. A a\u00e7\u00e3o aconteceu no NEP \u2013 N\u00facleo de Ensino e Pesquisa. O projeto foi elaborado pelas diretorias da FUMSSAR, em parceria com o IFFAR &#8211; Instituto Federal Farroupilha.<br><br> O objetivo do projeto \u00e9 vincular os conhecimentos te\u00f3ricos da administra\u00e7\u00e3o com os processos pr\u00e1ticos, fun\u00e7\u00f5es e tarefas desempenhadas no dia-a-dia do trabalho na sa\u00fade. Dessa forma, a inten\u00e7\u00e3o \u00e9 auxiliar e capacitar os gestores e l\u00edderes da Aten\u00e7\u00e3o Prim\u00e1ria em Sa\u00fade, com conceitos de gest\u00e3o p\u00fablica e lideran\u00e7a, com ferramentas de planejamento e gest\u00e3o e capacita\u00e7\u00e3o para os processos administrativos necess\u00e1rios da organiza\u00e7\u00e3o. Para o presidente da FUMSSAR, D\u00e9lcio Stefan, a qualifica\u00e7\u00e3o atrav\u00e9s de capacita\u00e7\u00f5es, \u00e9 fundamental para o aperfei\u00e7oamento dos servi\u00e7os, \u201cA boa gest\u00e3o est\u00e1 intimamente ligada as a\u00e7\u00f5es cont\u00ednuas de capacita\u00e7\u00e3o e planejamento e na \u00e1rea da sa\u00fade n\u00e3o \u00e9 diferente. Estamos sempre pensando em novas a\u00e7\u00f5es e projetos que busquem qualificar nossos profissionais\u201d.<br><br> A capacita\u00e7\u00e3o ser\u00e1 dividida em 06 m\u00f3dulos, totalizando 48 horas de carga hor\u00e1ria. Os conte\u00fados v\u00e3o ser explanados para todos os coordenadores da Aten\u00e7\u00e3o Prim\u00e1ria em Sa\u00fade, por professores do IFFAR e diretores da FUMSSAR. O vice-prefeito Aldemir Ulrich participou da atividade e destacou a import\u00e2ncia do projeto, \u201cA capacita\u00e7\u00e3o contribui para uma melhor gest\u00e3o da sa\u00fade em nosso munic\u00edpio. Somos gratos a FUMSSAR e ao IFFAR por pensarem em novos projetos que buscam qualificar cada vez mais nossos servidores e servir melhor a nossa popula\u00e7\u00e3o\u201d. O pr\u00f3ximo m\u00f3dulo da capacita\u00e7\u00e3o ir\u00e1 tratar sobre Comportamento Organizacional: Intelig\u00eancia emocional e Gest\u00e3o de conflitos.<\/p>\n","protected":false},"excerpt":{"rendered":"<p>A Funda\u00e7\u00e3o Municipal de Sa\u00fade de Santa Rosa apresentou nesta quarta-feira (22), o Projeto de&#8230;<\/p>\n","protected":false},"author":36,"featured_media":19142,"comment_status":"closed","ping_status":"closed","sticky":false,"template":"","format":"standard","meta":{"footnotes":""},"categories":[2],"tags":[],"_links":{"self":[{"href":"https:\/\/www.fumssar.com.br\/index.php?rest_route=\/wp\/v2\/posts\/19141"}],"collection":[{"href":"https:\/\/www.fumssar.com.br\/index.php?rest_route=\/wp\/v2\/posts"}],"about":[{"href":"https:\/\/www.fumssar.com.br\/index.php?rest_route=\/wp\/v2\/types\/post"}],"author":[{"embeddable":true,"href":"https:\/\/www.fumssar.com.br\/index.php?rest_route=\/wp\/v2\/users\/36"}],"replies":[{"embeddable":true,"href":"https:\/\/www.fumssar.com.br\/index.php?rest_route=%2Fwp%2Fv2%2Fcomments&post=19141"}],"version-history":[{"count":1,"href":"https:\/\/www.fumssar.com.br\/index.php?rest_route=\/wp\/v2\/posts\/19141\/revisions"}],"predecessor-version":[{"id":19143,"href":"https:\/\/www.fumssar.com.br\/index.php?rest_route=\/wp\/v2\/posts\/19141\/revisions\/19143"}],"wp:featuredmedia":[{"embeddable":true,"href":"https:\/\/www.fumssar.com.br\/index.php?rest_route=\/wp\/v2\/media\/19142"}],"wp:attachment":[{"href":"https:\/\/www.fumssar.com.br\/index.php?rest_route=%2Fwp%2Fv2%2Fmedia&parent=19141"}],"wp:term":[{"taxonomy":"category","embeddable":true,"href":"https:\/\/www.fumssar.com.br\/index.php?rest_route=%2Fwp%2Fv2%2Fcategories&post=19141"},{"taxonomy":"post_tag","embeddable":true,"href":"https:\/\/www.fumssar.com.br\/index.php?rest_route=%2Fwp%2Fv2%2Ftags&post=19141"}],"curies":[{"name":"wp","href":"https:\/\/api.w.org\/{rel}","templated":true}]}}