{"id":19117,"date":"2021-09-21T15:44:21","date_gmt":"2021-09-21T18:44:21","guid":{"rendered":"http:\/\/www.fumssar.com.br\/?p=19117"},"modified":"2024-10-07T16:33:46","modified_gmt":"2024-10-07T19:33:46","slug":"santa-rosa-vacinou-75-da-populacao-contra-a-covid-19","status":"publish","type":"post","link":"https:\/\/www.fumssar.com.br\/?p=19117","title":{"rendered":"Santa Rosa vacinou 75% da popula\u00e7\u00e3o contra a COVID-19"},"content":{"rendered":"\n<figure class=\"wp-block-image\"><img loading=\"lazy\" decoding=\"async\" width=\"1024\" height=\"768\" src=\"http:\/\/www.fumssar.com.br\/wp-content\/uploads\/2021\/09\/WhatsApp-Image-2021-09-17-at-17.16.25-1024x768.jpeg\" alt=\"\" class=\"wp-image-19118\" srcset=\"https:\/\/www.fumssar.com.br\/wp-content\/uploads\/2021\/09\/WhatsApp-Image-2021-09-17-at-17.16.25-1024x768.jpeg 1024w, https:\/\/www.fumssar.com.br\/wp-content\/uploads\/2021\/09\/WhatsApp-Image-2021-09-17-at-17.16.25-300x225.jpeg 300w, https:\/\/www.fumssar.com.br\/wp-content\/uploads\/2021\/09\/WhatsApp-Image-2021-09-17-at-17.16.25-768x576.jpeg 768w, https:\/\/www.fumssar.com.br\/wp-content\/uploads\/2021\/09\/WhatsApp-Image-2021-09-17-at-17.16.25.jpeg 1280w\" sizes=\"(max-width: 1024px) 100vw, 1024px\" \/><\/figure>\n\n\n\n<p>A Funda\u00e7\u00e3o Municipal de Sa\u00fade de Santa Rosa j\u00e1 aplicou 91.627 doses contra a COVID-19. Do total, 55.189 foram de primeira dose (D1), o que representa 75,3% da popula\u00e7\u00e3o vacinada no munic\u00edpio. De segunda dose 34.178 (D2) e 2.260 de dose \u00fanica (DU), sendo assim, 36.438 pessoas est\u00e3o com a imuniza\u00e7\u00e3o completa, 49,7% dos santa-rosenses. Os dados est\u00e3o de acordo com o informativo da SES\/RS \u2013 Secretaria de Sa\u00fade do Rio Grande do Sul.<br><br>Santa Rosa est\u00e1 com 3\/4 da popula\u00e7\u00e3o vacinada com primeira dose. Para o presidente da Funda\u00e7\u00e3o, D\u00e9lcio Stefan, esse \u00e9 um momento muito importante que mostra o avan\u00e7o da vacina\u00e7\u00e3o em Santa Rosa, \u201cTer 75% dos santa-rosenses vacinados com primeira dose, nos deixa muito feliz, pois mostra o quanto estamos avan\u00e7ando na porcentagem de pessoas imunizadas contra a COVID-19. Deixamos um apelo para que a popula\u00e7\u00e3o que ainda n\u00e3o se vacinou, procure a UBS e fa\u00e7a a aplica\u00e7\u00e3o da vacina, s\u00f3 assim conseguiremos combater a pandemia\u201d. A vacina\u00e7\u00e3o segue acontecendo para pessoas a partir dos 17 anos. A aplica\u00e7\u00e3o est\u00e1 sendo feita em todas as UBS\u2019s, at\u00e9 terminarem os estoques. O atendimento \u00e9 mediante agendamento pr\u00e9vio por telefone ou presencial, ou conforme o gerenciamento de cada UBS.<br><br>Est\u00e1 acontecendo a aplica\u00e7\u00e3o da dose de refor\u00e7o, em idosos acima de 70 anos que completaram o esquema vacinal das duas doses ou dose \u00fanica h\u00e1 06 meses. Tamb\u00e9m esta sendo realizada a dose de refor\u00e7o para pessoas com alto grau de imunossupress\u00e3o: Imunodefici\u00eancia prim\u00e1ria grave; quimioterapia para c\u00e2ncer; transplantados de \u00f3rg\u00e3o s\u00f3lido ou de c\u00e9lulas tronco hematopoi\u00e9ticas (TCTH) em uso de drogas imunossupressoras e pessoas vivendo com HIV com CD4. Para os indiv\u00edduos com alto grau de imunossupress\u00e3o, o intervalo para a dose de refor\u00e7o dever\u00e1 ser de 28 dias ap\u00f3s a \u00faltima dose do esquema b\u00e1sico. Os moradores de Santa Rosa que forem se vacinar precisam levar documento com foto, CPF, cart\u00e3o SUS e caderneta de vacina\u00e7\u00e3o. <\/p>\n","protected":false},"excerpt":{"rendered":"<p>A Funda\u00e7\u00e3o Municipal de Sa\u00fade de Santa Rosa j\u00e1 aplicou 91.627 doses contra a COVID-19&#8230;.<\/p>\n","protected":false},"author":36,"featured_media":19118,"comment_status":"closed","ping_status":"closed","sticky":false,"template":"","format":"standard","meta":{"footnotes":""},"categories":[152,2],"tags":[],"_links":{"self":[{"href":"https:\/\/www.fumssar.com.br\/index.php?rest_route=\/wp\/v2\/posts\/19117"}],"collection":[{"href":"https:\/\/www.fumssar.com.br\/index.php?rest_route=\/wp\/v2\/posts"}],"about":[{"href":"https:\/\/www.fumssar.com.br\/index.php?rest_route=\/wp\/v2\/types\/post"}],"author":[{"embeddable":true,"href":"https:\/\/www.fumssar.com.br\/index.php?rest_route=\/wp\/v2\/users\/36"}],"replies":[{"embeddable":true,"href":"https:\/\/www.fumssar.com.br\/index.php?rest_route=%2Fwp%2Fv2%2Fcomments&post=19117"}],"version-history":[{"count":1,"href":"https:\/\/www.fumssar.com.br\/index.php?rest_route=\/wp\/v2\/posts\/19117\/revisions"}],"predecessor-version":[{"id":19119,"href":"https:\/\/www.fumssar.com.br\/index.php?rest_route=\/wp\/v2\/posts\/19117\/revisions\/19119"}],"wp:featuredmedia":[{"embeddable":true,"href":"https:\/\/www.fumssar.com.br\/index.php?rest_route=\/wp\/v2\/media\/19118"}],"wp:attachment":[{"href":"https:\/\/www.fumssar.com.br\/index.php?rest_route=%2Fwp%2Fv2%2Fmedia&parent=19117"}],"wp:term":[{"taxonomy":"category","embeddable":true,"href":"https:\/\/www.fumssar.com.br\/index.php?rest_route=%2Fwp%2Fv2%2Fcategories&post=19117"},{"taxonomy":"post_tag","embeddable":true,"href":"https:\/\/www.fumssar.com.br\/index.php?rest_route=%2Fwp%2Fv2%2Ftags&post=19117"}],"curies":[{"name":"wp","href":"https:\/\/api.w.org\/{rel}","templated":true}]}}