{"id":19079,"date":"2021-09-13T15:35:23","date_gmt":"2021-09-13T18:35:23","guid":{"rendered":"http:\/\/www.fumssar.com.br\/?p=19079"},"modified":"2024-10-07T16:33:47","modified_gmt":"2024-10-07T19:33:47","slug":"santa-rosa-recebe-novas-doses-para-vacinacao-contra-a-covid-19","status":"publish","type":"post","link":"https:\/\/www.fumssar.com.br\/?p=19079","title":{"rendered":"Santa Rosa recebe novas doses para vacina\u00e7\u00e3o contra a COVID-19"},"content":{"rendered":"\n<figure class=\"wp-block-image\"><img loading=\"lazy\" decoding=\"async\" width=\"1024\" height=\"768\" src=\"https:\/\/www.fumssar.com.br\/wp-content\/uploads\/2021\/09\/WhatsApp-Image-2021-09-13-at-08.49.49-1024x768.jpeg\" alt=\"\" class=\"wp-image-19080\" srcset=\"https:\/\/www.fumssar.com.br\/wp-content\/uploads\/2021\/09\/WhatsApp-Image-2021-09-13-at-08.49.49-1024x768.jpeg 1024w, https:\/\/www.fumssar.com.br\/wp-content\/uploads\/2021\/09\/WhatsApp-Image-2021-09-13-at-08.49.49-300x225.jpeg 300w, https:\/\/www.fumssar.com.br\/wp-content\/uploads\/2021\/09\/WhatsApp-Image-2021-09-13-at-08.49.49-768x576.jpeg 768w, https:\/\/www.fumssar.com.br\/wp-content\/uploads\/2021\/09\/WhatsApp-Image-2021-09-13-at-08.49.49.jpeg 1280w\" sizes=\"(max-width: 1024px) 100vw, 1024px\" \/><\/figure>\n\n\n\n<p>A Funda\u00e7\u00e3o Municipal de Sa\u00fade de Santa Rosa informa que recebeu semana passada, da Secretaria de Sa\u00fade do RS (SES), uma nova remessa de doses para vacina\u00e7\u00e3o contra a COVID-19. Foram destinadas 506 doses para Dose Um (D1) e 1.758 para Dose Dois (D2). Al\u00e9m disso, a SES autorizou os munic\u00edpios a iniciar a dose de refor\u00e7o nos moradores de Institui\u00e7\u00f5es de Longa Perman\u00eancia para Idosos (ILPIs) maiores de 60 anos. Santa Rosa recebeu nesta \u00faltima remessa, 216 doses para aplicar nesse p\u00fablico.<\/p>\n\n\n\n<p>Os idosos dos ILPIs ir\u00e3o receber esta dose de refor\u00e7o a partir dessa semana. Todos maiores de 60 anos, residentes de Institui\u00e7\u00f5es de Longa Perman\u00eancia para Idosos que j\u00e1 completaram o esquema vacinal b\u00e1sico (duas doses ou dose \u00fanica, dependendo da fabricante) h\u00e1, no m\u00ednimo, seis meses poder\u00e3o receber o refor\u00e7o. A dose extra para idosos foi recomendada pelo Minist\u00e9rio da Sa\u00fade. Esse p\u00fablico foi escolhido para ser priorizado agora por ser o mais vulner\u00e1vel \u00e0s consequ\u00eancias da doen\u00e7a e por morarem em um local de mais f\u00e1cil dissemina\u00e7\u00e3o do v\u00edrus. Para os demais grupos e faixas et\u00e1rias, a vacina\u00e7\u00e3o de primeira dose (D1), segue acontecendo para pessoas a partir dos 18 anos. As aplica\u00e7\u00f5es das segundas doses (D2) podem ser agendadas em todas as Unidades B\u00e1sicas de Sa\u00fade, conforme a data informada na caderneta de vacina\u00e7\u00e3o.<\/p>\n\n\n\n<p>A aplica\u00e7\u00e3o das doses est\u00e1 sendo feita em todas as UBS\u2019s, at\u00e9 terminarem os estoques. O atendimento \u00e9 mediante agendamento pr\u00e9vio por telefone ou presencial, ou conforme o gerenciamento de cada UBS. At\u00e9 o momento, j\u00e1 foram realizadas 88.148 vacinas. Do total, 54.374 foram de D1 (Primeira Dose), essa quantidade corresponde a 74% da popula\u00e7\u00e3o vacinada, 31.514 de D2 (Segunda Dose) e 2.260 de D.U (Dose \u00fanica), sendo assim temos 33.774 pessoas com a imuniza\u00e7\u00e3o completa, 46% dos santa-rosenses. Os moradores de Santa Rosa que forem se vacinar precisam levar documento com foto, CPF, cart\u00e3o SUS e caderneta de vacina\u00e7\u00e3o.<\/p>\n","protected":false},"excerpt":{"rendered":"<p>A Funda\u00e7\u00e3o Municipal de Sa\u00fade de Santa Rosa informa que recebeu semana passada, da Secretaria&#8230;<\/p>\n","protected":false},"author":36,"featured_media":19080,"comment_status":"closed","ping_status":"closed","sticky":false,"template":"","format":"standard","meta":{"footnotes":""},"categories":[152,2],"tags":[],"_links":{"self":[{"href":"https:\/\/www.fumssar.com.br\/index.php?rest_route=\/wp\/v2\/posts\/19079"}],"collection":[{"href":"https:\/\/www.fumssar.com.br\/index.php?rest_route=\/wp\/v2\/posts"}],"about":[{"href":"https:\/\/www.fumssar.com.br\/index.php?rest_route=\/wp\/v2\/types\/post"}],"author":[{"embeddable":true,"href":"https:\/\/www.fumssar.com.br\/index.php?rest_route=\/wp\/v2\/users\/36"}],"replies":[{"embeddable":true,"href":"https:\/\/www.fumssar.com.br\/index.php?rest_route=%2Fwp%2Fv2%2Fcomments&post=19079"}],"version-history":[{"count":1,"href":"https:\/\/www.fumssar.com.br\/index.php?rest_route=\/wp\/v2\/posts\/19079\/revisions"}],"predecessor-version":[{"id":19081,"href":"https:\/\/www.fumssar.com.br\/index.php?rest_route=\/wp\/v2\/posts\/19079\/revisions\/19081"}],"wp:featuredmedia":[{"embeddable":true,"href":"https:\/\/www.fumssar.com.br\/index.php?rest_route=\/wp\/v2\/media\/19080"}],"wp:attachment":[{"href":"https:\/\/www.fumssar.com.br\/index.php?rest_route=%2Fwp%2Fv2%2Fmedia&parent=19079"}],"wp:term":[{"taxonomy":"category","embeddable":true,"href":"https:\/\/www.fumssar.com.br\/index.php?rest_route=%2Fwp%2Fv2%2Fcategories&post=19079"},{"taxonomy":"post_tag","embeddable":true,"href":"https:\/\/www.fumssar.com.br\/index.php?rest_route=%2Fwp%2Fv2%2Ftags&post=19079"}],"curies":[{"name":"wp","href":"https:\/\/api.w.org\/{rel}","templated":true}]}}