{"id":1906,"date":"2014-06-13T12:15:01","date_gmt":"2014-06-13T12:15:01","guid":{"rendered":"http:\/\/www.fumssar.com.br\/?p=1906"},"modified":"2014-06-13T12:15:01","modified_gmt":"2014-06-13T12:15:01","slug":"edital-de-convocacao-no-262014-selecao-publica-012010-e-012013","status":"publish","type":"post","link":"https:\/\/www.fumssar.com.br\/?p=1906","title":{"rendered":"EDITAL DE CONVOCA\u00c7\u00c3O N\u00ba 26\/2014 -Sele\u00e7\u00e3o P\u00fablica 01\/2010 e 01\/2013"},"content":{"rendered":"<p style=\"text-align: center\"><b>EDITAL DE CONVOCA\u00c7\u00c3O N\u00ba 26\/2014<br \/>\n<\/b><\/p>\n<p><b>\u00a0\u00a0\u00a0\u00a0\u00a0\u00a0\u00a0\u00a0\u00a0\u00a0\u00a0\u00a0 O Presidente da Funda\u00e7\u00e3o Municipal de Sa\u00fade de Santa Rosa, <\/b>comunica que dever\u00e1 (\u00e3o) comparecer na Funda\u00e7\u00e3o Municipal da Sa\u00fade, sito \u00e0 Rua Boa Vista, n\u00ba 401, para assumir vaga (s) para provimento de emprego(s) p\u00fablico (s), conforme segue abaixo. Informa ainda que se o(s) candidato (s) <b>n\u00e3o se<\/b> <b>apresentar (em) no prazo m\u00e1ximo de 15 (quinze) dias, ap\u00f3s esta publica\u00e7\u00e3o, ser\u00e1 (\u00e3o) considerado(s) desistente(s) tacitamente.<\/b><\/p>\n<p><b>Sele\u00e7\u00e3o P\u00fablica n.\u00ba 01\/2013<\/b><\/p>\n<p>Agente Comunit\u00e1rio de Sa\u00fade<\/p>\n<p><b>Cargo:ACS-Distrito Sanit\u00e1rio 12- Cruzeiro do Sul<\/b><\/p>\n<p>SOLANGE HOFFMANN<\/p>\n<p><b>Sele\u00e7\u00e3o P\u00fablica n.\u00ba 01\/2010<\/b><\/p>\n<p>Agente Comunit\u00e1rio de Sa\u00fade<\/p>\n<p><b>Cargo:ACS-Distrito Sanit\u00e1rio 06-Esperan\u00e7a<\/b><\/p>\n<p>MARLI TEREZINHA GIROTTO JUNG<\/p>\n<p><b>Cargo:ACS-Distrito Sanit\u00e1rio 11-Pereira<\/b><\/p>\n<p>\u00c9LEN THAISA MITTELSTADT<\/p>\n<p><b>Cargo:ACS-Distrito Sanit\u00e1rio 13-Agr\u00edcola<\/b><\/p>\n<p>MARCIA REGINA PAIM<\/p>\n<p>PRESIDENTE DA FUNDA\u00c7\u00c3O MUNICIPAL DE SA\u00daDE DE SANTA ROSA, 13 \u00a0DE JUNHO\u00a0 DE 2014.<\/p>\n<p>LU\u00cdS ANT\u00d4NIO BENVEGN\u00da\u00a0\u00a0\u00a0\u00a0\u00a0\u00a0\u00a0\u00a0\u00a0\u00a0\u00a0\u00a0 \u00a0 \u00a0 \u00a0 \u00a0\u00a0 \u00a0\u00a0\u00a0 \u00a0\u00a0\u00a0\u00a0 ALDAIR MELCHIOR<\/p>\n<p>Presidente FUMSSAR\u00a0\u00a0\u00a0\u00a0\u00a0\u00a0\u00a0\u00a0 \u00a0\u00a0\u00a0\u00a0\u00a0\u00a0\u00a0\u00a0\u00a0\u00a0\u00a0\u00a0\u00a0\u00a0\u00a0\u00a0\u00a0\u00a0\u00a0\u00a0 \u00a0\u00a0\u00a0\u00a0\u00a0\u00a0Diretor de Gest\u00e3o Administrativa<\/p>\n","protected":false},"excerpt":{"rendered":"<p>EDITAL DE CONVOCA\u00c7\u00c3O N\u00ba 26\/2014 \u00a0\u00a0\u00a0\u00a0\u00a0\u00a0\u00a0\u00a0\u00a0\u00a0\u00a0\u00a0 O Presidente da Funda\u00e7\u00e3o Municipal de Sa\u00fade de Santa&#8230;<\/p>\n","protected":false},"author":6,"featured_media":0,"comment_status":"open","ping_status":"open","sticky":false,"template":"","format":"standard","meta":{"footnotes":""},"categories":[34],"tags":[],"_links":{"self":[{"href":"https:\/\/www.fumssar.com.br\/index.php?rest_route=\/wp\/v2\/posts\/1906"}],"collection":[{"href":"https:\/\/www.fumssar.com.br\/index.php?rest_route=\/wp\/v2\/posts"}],"about":[{"href":"https:\/\/www.fumssar.com.br\/index.php?rest_route=\/wp\/v2\/types\/post"}],"author":[{"embeddable":true,"href":"https:\/\/www.fumssar.com.br\/index.php?rest_route=\/wp\/v2\/users\/6"}],"replies":[{"embeddable":true,"href":"https:\/\/www.fumssar.com.br\/index.php?rest_route=%2Fwp%2Fv2%2Fcomments&post=1906"}],"version-history":[{"count":1,"href":"https:\/\/www.fumssar.com.br\/index.php?rest_route=\/wp\/v2\/posts\/1906\/revisions"}],"predecessor-version":[{"id":1907,"href":"https:\/\/www.fumssar.com.br\/index.php?rest_route=\/wp\/v2\/posts\/1906\/revisions\/1907"}],"wp:attachment":[{"href":"https:\/\/www.fumssar.com.br\/index.php?rest_route=%2Fwp%2Fv2%2Fmedia&parent=1906"}],"wp:term":[{"taxonomy":"category","embeddable":true,"href":"https:\/\/www.fumssar.com.br\/index.php?rest_route=%2Fwp%2Fv2%2Fcategories&post=1906"},{"taxonomy":"post_tag","embeddable":true,"href":"https:\/\/www.fumssar.com.br\/index.php?rest_route=%2Fwp%2Fv2%2Ftags&post=1906"}],"curies":[{"name":"wp","href":"https:\/\/api.w.org\/{rel}","templated":true}]}}