{"id":19056,"date":"2021-09-10T11:27:34","date_gmt":"2021-09-10T14:27:34","guid":{"rendered":"http:\/\/www.fumssar.com.br\/?p=19056"},"modified":"2024-10-07T16:33:47","modified_gmt":"2024-10-07T19:33:47","slug":"dia-mundial-de-prevencao-ao-suicidio-setembro-amarelo","status":"publish","type":"post","link":"https:\/\/www.fumssar.com.br\/?p=19056","title":{"rendered":"Dia Mundial de Preven\u00e7\u00e3o ao Suic\u00eddio &#8211; Setembro Amarelo"},"content":{"rendered":"\n<figure class=\"wp-block-image\"><img loading=\"lazy\" decoding=\"async\" width=\"940\" height=\"788\" src=\"https:\/\/www.fumssar.com.br\/wp-content\/uploads\/2021\/09\/Setembro-Amarelo-Preven\u00e7\u00e3o-1.png\" alt=\"\" class=\"wp-image-19057\" srcset=\"https:\/\/www.fumssar.com.br\/wp-content\/uploads\/2021\/09\/Setembro-Amarelo-Preven\u00e7\u00e3o-1.png 940w, https:\/\/www.fumssar.com.br\/wp-content\/uploads\/2021\/09\/Setembro-Amarelo-Preven\u00e7\u00e3o-1-300x251.png 300w, https:\/\/www.fumssar.com.br\/wp-content\/uploads\/2021\/09\/Setembro-Amarelo-Preven\u00e7\u00e3o-1-768x644.png 768w\" sizes=\"(max-width: 940px) 100vw, 940px\" \/><\/figure>\n\n\n\n<p>Hoje, dia 10 de Setembro \u00e9 o Dia Mundial de Preven\u00e7\u00e3o ao Suic\u00eddio. Desde 2003, esta data \u00e9 celebrada. A partir de 2015, passou a ser parte de uma campanha de preven\u00e7\u00e3o Setembro Amarelo. A Prefeitura Municipal de Santa Rosa e a FUMSSAR s\u00e3o apoiadoras desta causa e desenvolvem a\u00e7\u00f5es para valoriza\u00e7\u00e3o da vida.<br><br> A conscientiza\u00e7\u00e3o atrav\u00e9s das m\u00eddias de preven\u00e7\u00e3o \u00e9 muito importante para garantir que as pessoas se sintam acolhidas e saibam onde buscar ajuda. A Diretora de Gest\u00e3o de Aten\u00e7\u00e3o Prim\u00e1ria em Sa\u00fade, Fabiana Breitenbach, destaca o quanto \u00e9 importante falar sobre o tema, \u201cNosso objetivo \u00e9 sensibilizar a popula\u00e7\u00e3o para esse grave problema que pode atingir qualquer um de n\u00f3s, seja na nossa fam\u00edlia, no nosso ambiente de trabalho e nos demais espa\u00e7os de socializa\u00e7\u00e3o que fizemos parte. Todos podemos participar dessa luta pela preven\u00e7\u00e3o do suic\u00eddio\u201d. <br><br> O tema do Setembro Amarelo deste ano \u00e9 &#8220;Criando esperan\u00e7a por meio da a\u00e7\u00e3o&#8221;. Nesse m\u00eas dedicado a valoriza\u00e7\u00e3o da vida e de preven\u00e7\u00e3o ao suic\u00eddio, a campanha alerta que agir de maneira correta, nas situa\u00e7\u00f5es em que pessoas demonstrem interesse no autoexterm\u00ednio, pode salv\u00e1-las. Em Santa Rosa, pacientes em crise s\u00e3o encaminhados atrav\u00e9s das Unidades B\u00e1sicas de Sa\u00fade ao CAPS Novo Rumo, onde s\u00e3o atendidos por uma equipe multiprofissional que elabora um plano individual de tratamento para cada um.<\/p>\n\n\n\n<p>*Mais informa\u00e7\u00f5es sobre este tema: <a href=\"https:\/\/vitaalere.com.br\/sobre-o-suicidio\/prevencao\/\">https:\/\/vitaalere.com.br\/sobre-o-suicidio\/prevencao\/<\/a> ou solicitadas atrav\u00e9s do CAPS Novo Rumo: (55) 3513-5157 e\/ou CAPS AD Movimento \u2013 (55) 3513-5158.<\/p>\n","protected":false},"excerpt":{"rendered":"<p>Hoje, dia 10 de Setembro \u00e9 o Dia Mundial de Preven\u00e7\u00e3o ao Suic\u00eddio. Desde 2003,&#8230;<\/p>\n","protected":false},"author":36,"featured_media":19057,"comment_status":"closed","ping_status":"closed","sticky":false,"template":"","format":"standard","meta":{"footnotes":""},"categories":[2],"tags":[],"_links":{"self":[{"href":"https:\/\/www.fumssar.com.br\/index.php?rest_route=\/wp\/v2\/posts\/19056"}],"collection":[{"href":"https:\/\/www.fumssar.com.br\/index.php?rest_route=\/wp\/v2\/posts"}],"about":[{"href":"https:\/\/www.fumssar.com.br\/index.php?rest_route=\/wp\/v2\/types\/post"}],"author":[{"embeddable":true,"href":"https:\/\/www.fumssar.com.br\/index.php?rest_route=\/wp\/v2\/users\/36"}],"replies":[{"embeddable":true,"href":"https:\/\/www.fumssar.com.br\/index.php?rest_route=%2Fwp%2Fv2%2Fcomments&post=19056"}],"version-history":[{"count":2,"href":"https:\/\/www.fumssar.com.br\/index.php?rest_route=\/wp\/v2\/posts\/19056\/revisions"}],"predecessor-version":[{"id":19059,"href":"https:\/\/www.fumssar.com.br\/index.php?rest_route=\/wp\/v2\/posts\/19056\/revisions\/19059"}],"wp:featuredmedia":[{"embeddable":true,"href":"https:\/\/www.fumssar.com.br\/index.php?rest_route=\/wp\/v2\/media\/19057"}],"wp:attachment":[{"href":"https:\/\/www.fumssar.com.br\/index.php?rest_route=%2Fwp%2Fv2%2Fmedia&parent=19056"}],"wp:term":[{"taxonomy":"category","embeddable":true,"href":"https:\/\/www.fumssar.com.br\/index.php?rest_route=%2Fwp%2Fv2%2Fcategories&post=19056"},{"taxonomy":"post_tag","embeddable":true,"href":"https:\/\/www.fumssar.com.br\/index.php?rest_route=%2Fwp%2Fv2%2Ftags&post=19056"}],"curies":[{"name":"wp","href":"https:\/\/api.w.org\/{rel}","templated":true}]}}