{"id":19016,"date":"2021-09-06T17:06:28","date_gmt":"2021-09-06T20:06:28","guid":{"rendered":"http:\/\/www.fumssar.com.br\/?p=19016"},"modified":"2024-10-07T16:33:47","modified_gmt":"2024-10-07T19:33:47","slug":"santa-rosa-recebe-novo-lote-de-d2-para-vacinacao-contra-a-covid-19","status":"publish","type":"post","link":"https:\/\/www.fumssar.com.br\/?p=19016","title":{"rendered":"Santa Rosa recebe novo lote de D2 para vacina\u00e7\u00e3o contra a COVID-19"},"content":{"rendered":"\n<figure class=\"wp-block-image\"><img loading=\"lazy\" decoding=\"async\" width=\"1024\" height=\"768\" src=\"https:\/\/www.fumssar.com.br\/wp-content\/uploads\/2021\/09\/WhatsApp-Image-2021-09-06-at-09.22.09-1024x768.jpeg\" alt=\"\" class=\"wp-image-19017\" srcset=\"https:\/\/www.fumssar.com.br\/wp-content\/uploads\/2021\/09\/WhatsApp-Image-2021-09-06-at-09.22.09-1024x768.jpeg 1024w, https:\/\/www.fumssar.com.br\/wp-content\/uploads\/2021\/09\/WhatsApp-Image-2021-09-06-at-09.22.09-300x225.jpeg 300w, https:\/\/www.fumssar.com.br\/wp-content\/uploads\/2021\/09\/WhatsApp-Image-2021-09-06-at-09.22.09-768x576.jpeg 768w, https:\/\/www.fumssar.com.br\/wp-content\/uploads\/2021\/09\/WhatsApp-Image-2021-09-06-at-09.22.09.jpeg 1280w\" sizes=\"(max-width: 1024px) 100vw, 1024px\" \/><\/figure>\n\n\n\n<p>A Funda\u00e7\u00e3o Municipal de Sa\u00fade de Santa Rosa informa que recebeu na sexta-feira (03), da Secretaria de Sa\u00fade do RS, uma nova remessa de vacinas para a aplica\u00e7\u00e3o de segunda dose (D2) na popula\u00e7\u00e3o. Foram destinadas para Santa Rosa, 1.275 doses da AstraZeneca, 1.158 doses da Pfizer e 200 doses da CoronaVac. As aplica\u00e7\u00f5es das segundas doses podem ser agendadas em todas as Unidades B\u00e1sicas de Sa\u00fade, a partir de hoje (06). Todas est\u00e3o em funcionamento nesta segunda-feira.     <\/p>\n\n\n\n<p>A vacina\u00e7\u00e3o de primeira dose (D1), segue acontecendo para pessoas a partir dos 18 anos. A aplica\u00e7\u00e3o das doses est\u00e1 sendo feita em todas as UBS\u2019s, at\u00e9 terminarem os estoques. O atendimento \u00e9 mediante agendamento pr\u00e9vio por telefone ou presencial, ou conforme o gerenciamento de cada UBS. <\/p>\n\n\n\n<p>At\u00e9 o momento, j\u00e1 foram realizadas 85.542 vacinas. Do total, 53.987 foram de D1 (Primeira Dose), essa quantidade corresponde a 73% da popula\u00e7\u00e3o vacinada, 29.295 de D2 (Segunda Dose) e 2.260 de D.U (Dose \u00fanica), sendo assim temos 31.555 pessoas com a imuniza\u00e7\u00e3o completa, 43% dos santa-rosenses. Os moradores de Santa Rosa que forem se vacinar precisam levar documento com foto, CPF, cart\u00e3o SUS e caderneta de vacina\u00e7\u00e3o.<\/p>\n","protected":false},"excerpt":{"rendered":"<p>A Funda\u00e7\u00e3o Municipal de Sa\u00fade de Santa Rosa informa que recebeu na sexta-feira (03), da&#8230;<\/p>\n","protected":false},"author":36,"featured_media":19017,"comment_status":"closed","ping_status":"closed","sticky":false,"template":"","format":"standard","meta":{"footnotes":""},"categories":[152,2],"tags":[],"_links":{"self":[{"href":"https:\/\/www.fumssar.com.br\/index.php?rest_route=\/wp\/v2\/posts\/19016"}],"collection":[{"href":"https:\/\/www.fumssar.com.br\/index.php?rest_route=\/wp\/v2\/posts"}],"about":[{"href":"https:\/\/www.fumssar.com.br\/index.php?rest_route=\/wp\/v2\/types\/post"}],"author":[{"embeddable":true,"href":"https:\/\/www.fumssar.com.br\/index.php?rest_route=\/wp\/v2\/users\/36"}],"replies":[{"embeddable":true,"href":"https:\/\/www.fumssar.com.br\/index.php?rest_route=%2Fwp%2Fv2%2Fcomments&post=19016"}],"version-history":[{"count":1,"href":"https:\/\/www.fumssar.com.br\/index.php?rest_route=\/wp\/v2\/posts\/19016\/revisions"}],"predecessor-version":[{"id":19018,"href":"https:\/\/www.fumssar.com.br\/index.php?rest_route=\/wp\/v2\/posts\/19016\/revisions\/19018"}],"wp:featuredmedia":[{"embeddable":true,"href":"https:\/\/www.fumssar.com.br\/index.php?rest_route=\/wp\/v2\/media\/19017"}],"wp:attachment":[{"href":"https:\/\/www.fumssar.com.br\/index.php?rest_route=%2Fwp%2Fv2%2Fmedia&parent=19016"}],"wp:term":[{"taxonomy":"category","embeddable":true,"href":"https:\/\/www.fumssar.com.br\/index.php?rest_route=%2Fwp%2Fv2%2Fcategories&post=19016"},{"taxonomy":"post_tag","embeddable":true,"href":"https:\/\/www.fumssar.com.br\/index.php?rest_route=%2Fwp%2Fv2%2Ftags&post=19016"}],"curies":[{"name":"wp","href":"https:\/\/api.w.org\/{rel}","templated":true}]}}