{"id":18986,"date":"2021-09-03T16:41:33","date_gmt":"2021-09-03T19:41:33","guid":{"rendered":"http:\/\/www.fumssar.com.br\/?p=18986"},"modified":"2024-10-07T16:34:05","modified_gmt":"2024-10-07T19:34:05","slug":"mutirao-de-vacinacao-contra-a-covid-19-2","status":"publish","type":"post","link":"https:\/\/www.fumssar.com.br\/?p=18986","title":{"rendered":"Mutir\u00e3o de Vacina\u00e7\u00e3o contra a COVID-19"},"content":{"rendered":"\n<figure class=\"wp-block-image\"><img loading=\"lazy\" decoding=\"async\" width=\"1024\" height=\"768\" src=\"https:\/\/www.fumssar.com.br\/wp-content\/uploads\/2021\/09\/WhatsApp-Image-2021-09-03-at-16.39.15-1024x768.jpeg\" alt=\"\" class=\"wp-image-18987\" srcset=\"https:\/\/www.fumssar.com.br\/wp-content\/uploads\/2021\/09\/WhatsApp-Image-2021-09-03-at-16.39.15-1024x768.jpeg 1024w, https:\/\/www.fumssar.com.br\/wp-content\/uploads\/2021\/09\/WhatsApp-Image-2021-09-03-at-16.39.15-300x225.jpeg 300w, https:\/\/www.fumssar.com.br\/wp-content\/uploads\/2021\/09\/WhatsApp-Image-2021-09-03-at-16.39.15-768x576.jpeg 768w, https:\/\/www.fumssar.com.br\/wp-content\/uploads\/2021\/09\/WhatsApp-Image-2021-09-03-at-16.39.15.jpeg 1280w\" sizes=\"(max-width: 1024px) 100vw, 1024px\" \/><\/figure>\n\n\n\n<p>A Funda\u00e7\u00e3o Municipal de Sa\u00fade de Santa Rosa realizou nesta quinta-feira (02), das 17h30min \u00e0s 21h, um mutir\u00e3o de vacina\u00e7\u00e3o contra a COVID-19. A a\u00e7\u00e3o foi realizada nas Unidades B\u00e1sicas de Sa\u00fade do Centro e de Cruzeiro. Ao todo 270 pessoas, a partir dos 18 anos, receberam a primeira dose (D1), do imunizante. <br><br>A partir de hoje, a vacina\u00e7\u00e3o segue para o p\u00fablico a partir dos 18 anos, atrav\u00e9s do agendamento pr\u00e9vio, por telefone ou presencial, ou conforme o gerenciamento de cada UBS, at\u00e9 terminarem os estoques. A Diretora da Gest\u00e3o da Aten\u00e7\u00e3o Prim\u00e1ria em Sa\u00fade, Fabiana Breitenbach destacou a import\u00e2ncia da participa\u00e7\u00e3o da popula\u00e7\u00e3o no embate contra o Coronav\u00edrus. \u201cEstamos avan\u00e7ando na percentagem de pessoas imunizadas contra a COVID-19, por\u00e9m pedimos para a popula\u00e7\u00e3o que ainda n\u00e3o se vacinou que procurem sua UBS e fa\u00e7am a aplica\u00e7\u00e3o da vacina, s\u00f3 assim conseguiremos combater e amenizar os efeitos mal\u00e9ficos dessa pandemia\u201d.<br><br>At\u00e9 o momento, j\u00e1 foram realizadas 84.898 vacinas. Do total, 53.716 foram de D1 (Primeira Dose), essa quantidade corresponde a 73,3% da popula\u00e7\u00e3o vacinada, 28.922 de D2 (Segunda Dose) e 2.260 de D.U (Dose \u00fanica), sendo assim temos 31.182 pessoas com a imuniza\u00e7\u00e3o completa, 42,5% dos santa-rosenses. Os moradores de Santa Rosa que forem se vacinar precisam levar documento com foto, CPF, cart\u00e3o SUS e caderneta de vacina\u00e7\u00e3o. Os moradores de Santa Rosa que forem se vacinar precisam levar documento com foto, CPF, cart\u00e3o SUS e caderneta de vacina\u00e7\u00e3o. <\/p>\n\n\n\n<p>A Aten\u00e7\u00e3o Prim\u00e1ria em Sa\u00fade informa tamb\u00e9m que a partir de segunda-feira (06), a Sentinela de Cruzeiro n\u00e3o estar\u00e1 mais em funcionamento, devido \u00e0 baixa demanda de atendimentos. As pessoas que tiverem sintomas respirat\u00f3rios e da COVID-19 podem procurar a Sentinela do Centro, localizada na Rua Buenos Aires, 40, Centro, Santa Rosa.<\/p>\n","protected":false},"excerpt":{"rendered":"<p>A Funda\u00e7\u00e3o Municipal de Sa\u00fade de Santa Rosa realizou nesta quinta-feira (02), das 17h30min \u00e0s&#8230;<\/p>\n","protected":false},"author":36,"featured_media":18987,"comment_status":"closed","ping_status":"closed","sticky":false,"template":"","format":"standard","meta":{"footnotes":""},"categories":[152,2],"tags":[],"_links":{"self":[{"href":"https:\/\/www.fumssar.com.br\/index.php?rest_route=\/wp\/v2\/posts\/18986"}],"collection":[{"href":"https:\/\/www.fumssar.com.br\/index.php?rest_route=\/wp\/v2\/posts"}],"about":[{"href":"https:\/\/www.fumssar.com.br\/index.php?rest_route=\/wp\/v2\/types\/post"}],"author":[{"embeddable":true,"href":"https:\/\/www.fumssar.com.br\/index.php?rest_route=\/wp\/v2\/users\/36"}],"replies":[{"embeddable":true,"href":"https:\/\/www.fumssar.com.br\/index.php?rest_route=%2Fwp%2Fv2%2Fcomments&post=18986"}],"version-history":[{"count":1,"href":"https:\/\/www.fumssar.com.br\/index.php?rest_route=\/wp\/v2\/posts\/18986\/revisions"}],"predecessor-version":[{"id":18988,"href":"https:\/\/www.fumssar.com.br\/index.php?rest_route=\/wp\/v2\/posts\/18986\/revisions\/18988"}],"wp:featuredmedia":[{"embeddable":true,"href":"https:\/\/www.fumssar.com.br\/index.php?rest_route=\/wp\/v2\/media\/18987"}],"wp:attachment":[{"href":"https:\/\/www.fumssar.com.br\/index.php?rest_route=%2Fwp%2Fv2%2Fmedia&parent=18986"}],"wp:term":[{"taxonomy":"category","embeddable":true,"href":"https:\/\/www.fumssar.com.br\/index.php?rest_route=%2Fwp%2Fv2%2Fcategories&post=18986"},{"taxonomy":"post_tag","embeddable":true,"href":"https:\/\/www.fumssar.com.br\/index.php?rest_route=%2Fwp%2Fv2%2Ftags&post=18986"}],"curies":[{"name":"wp","href":"https:\/\/api.w.org\/{rel}","templated":true}]}}