{"id":18982,"date":"2021-09-03T15:57:07","date_gmt":"2021-09-03T18:57:07","guid":{"rendered":"http:\/\/www.fumssar.com.br\/?p=18982"},"modified":"2024-10-07T16:34:05","modified_gmt":"2024-10-07T19:34:05","slug":"centro-de-praticas-integrativas-recebe-150-mil-de-investimento","status":"publish","type":"post","link":"https:\/\/www.fumssar.com.br\/?p=18982","title":{"rendered":"Centro de Pr\u00e1ticas Integrativas recebe 150 mil de investimento"},"content":{"rendered":"\n<figure class=\"wp-block-image\"><img loading=\"lazy\" decoding=\"async\" width=\"1024\" height=\"768\" src=\"https:\/\/www.fumssar.com.br\/wp-content\/uploads\/2021\/09\/WhatsApp-Image-2021-09-03-at-14.41.23-1024x768.jpeg\" alt=\"\" class=\"wp-image-18983\" srcset=\"https:\/\/www.fumssar.com.br\/wp-content\/uploads\/2021\/09\/WhatsApp-Image-2021-09-03-at-14.41.23-1024x768.jpeg 1024w, https:\/\/www.fumssar.com.br\/wp-content\/uploads\/2021\/09\/WhatsApp-Image-2021-09-03-at-14.41.23-300x225.jpeg 300w, https:\/\/www.fumssar.com.br\/wp-content\/uploads\/2021\/09\/WhatsApp-Image-2021-09-03-at-14.41.23-768x576.jpeg 768w, https:\/\/www.fumssar.com.br\/wp-content\/uploads\/2021\/09\/WhatsApp-Image-2021-09-03-at-14.41.23.jpeg 1156w\" sizes=\"(max-width: 1024px) 100vw, 1024px\" \/><\/figure>\n\n\n\n<p>O Centro de Pr\u00e1ticas Integrativas e Complementares \u2013 PICS recebeu nesta sexta-feira (03), a visita do Deputado Federal Giovani Cherini. Na oportunidade, o parlamentar destinou R$ 150 mil para o Centro, atrav\u00e9s de emenda. Cherini foi recebido pelo prefeito municipal Anderson Mantei, pelo presidente da FUMSSAR D\u00e9lcio Stefan e pela equipe das PICS. Durante a visita, ele conheceu as salas onde s\u00e3o realizadas as pr\u00e1ticas, ofertadas atrav\u00e9s do SUS, gratuitamente para a popula\u00e7\u00e3o.<br><br>Atualmente em Santa Rosa, o Centro disponibiliza 11 PICS: Homeopatia, Quiropraxia, Reiki, Cromoterapia, Osteopatia, Auricoloterapia, Pilates de Bola, Drenagem Linf\u00e1tica para Gestantes, Bandagem Terap\u00eautica, Dan\u00e7a Circular e Grupos de Alongamento e Refor\u00e7o Muscular. Com este novo investimento de 150 mil reais, o Centro de Pr\u00e1ticas Integrativas e Complementares ir\u00e1 realizar a aquisi\u00e7\u00e3o de novos materiais, a capacita\u00e7\u00e3o de mais profissionais e a amplia\u00e7\u00e3o do servi\u00e7o. O prefeito Anderson Mantei destacou a import\u00e2ncia deste investimento, \u201cQueremos agradecer ao deputado Cherini, pela sensibilidade em perceber a relev\u00e2ncia desse servi\u00e7o diferenciado para a popula\u00e7\u00e3o\u201d.<\/p>\n\n\n\n<figure class=\"wp-block-image\"><img loading=\"lazy\" decoding=\"async\" width=\"1024\" height=\"768\" src=\"https:\/\/www.fumssar.com.br\/wp-content\/uploads\/2021\/09\/WhatsApp-Image-2021-09-03-at-14.38.22-1024x768.jpeg\" alt=\"\" class=\"wp-image-18984\" srcset=\"https:\/\/www.fumssar.com.br\/wp-content\/uploads\/2021\/09\/WhatsApp-Image-2021-09-03-at-14.38.22-1024x768.jpeg 1024w, https:\/\/www.fumssar.com.br\/wp-content\/uploads\/2021\/09\/WhatsApp-Image-2021-09-03-at-14.38.22-300x225.jpeg 300w, https:\/\/www.fumssar.com.br\/wp-content\/uploads\/2021\/09\/WhatsApp-Image-2021-09-03-at-14.38.22-768x576.jpeg 768w, https:\/\/www.fumssar.com.br\/wp-content\/uploads\/2021\/09\/WhatsApp-Image-2021-09-03-at-14.38.22.jpeg 1156w\" sizes=\"(max-width: 1024px) 100vw, 1024px\" \/><\/figure>\n\n\n\n<p>A porta de entrada para ser atendido no Centro de Pr\u00e1ticas Integrativas e Complementares \u00e9 a Unidade B\u00e1sica de Sa\u00fade. As pr\u00e1ticas podem ser usadas na preven\u00e7\u00e3o de algumas enfermidades ou como tratamento paliativo em algumas doen\u00e7as cr\u00f4nicas. Todas essas modalidades s\u00e3o coordenadas por uma equipe multiprofissional que conforme suas especialidades orientam as sess\u00f5es.<\/p>\n","protected":false},"excerpt":{"rendered":"<p>O Centro de Pr\u00e1ticas Integrativas e Complementares \u2013 PICS recebeu nesta sexta-feira (03), a visita&#8230;<\/p>\n","protected":false},"author":36,"featured_media":18983,"comment_status":"closed","ping_status":"closed","sticky":false,"template":"","format":"standard","meta":{"footnotes":""},"categories":[2],"tags":[],"_links":{"self":[{"href":"https:\/\/www.fumssar.com.br\/index.php?rest_route=\/wp\/v2\/posts\/18982"}],"collection":[{"href":"https:\/\/www.fumssar.com.br\/index.php?rest_route=\/wp\/v2\/posts"}],"about":[{"href":"https:\/\/www.fumssar.com.br\/index.php?rest_route=\/wp\/v2\/types\/post"}],"author":[{"embeddable":true,"href":"https:\/\/www.fumssar.com.br\/index.php?rest_route=\/wp\/v2\/users\/36"}],"replies":[{"embeddable":true,"href":"https:\/\/www.fumssar.com.br\/index.php?rest_route=%2Fwp%2Fv2%2Fcomments&post=18982"}],"version-history":[{"count":1,"href":"https:\/\/www.fumssar.com.br\/index.php?rest_route=\/wp\/v2\/posts\/18982\/revisions"}],"predecessor-version":[{"id":18985,"href":"https:\/\/www.fumssar.com.br\/index.php?rest_route=\/wp\/v2\/posts\/18982\/revisions\/18985"}],"wp:featuredmedia":[{"embeddable":true,"href":"https:\/\/www.fumssar.com.br\/index.php?rest_route=\/wp\/v2\/media\/18983"}],"wp:attachment":[{"href":"https:\/\/www.fumssar.com.br\/index.php?rest_route=%2Fwp%2Fv2%2Fmedia&parent=18982"}],"wp:term":[{"taxonomy":"category","embeddable":true,"href":"https:\/\/www.fumssar.com.br\/index.php?rest_route=%2Fwp%2Fv2%2Fcategories&post=18982"},{"taxonomy":"post_tag","embeddable":true,"href":"https:\/\/www.fumssar.com.br\/index.php?rest_route=%2Fwp%2Fv2%2Ftags&post=18982"}],"curies":[{"name":"wp","href":"https:\/\/api.w.org\/{rel}","templated":true}]}}