{"id":18940,"date":"2021-08-31T17:27:45","date_gmt":"2021-08-31T20:27:45","guid":{"rendered":"http:\/\/www.fumssar.com.br\/?p=18940"},"modified":"2024-10-07T16:34:06","modified_gmt":"2024-10-07T19:34:06","slug":"mutirao-de-vacinacao-contra-a-covid-19","status":"publish","type":"post","link":"https:\/\/www.fumssar.com.br\/?p=18940","title":{"rendered":"Mutir\u00e3o de Vacina\u00e7\u00e3o contra a COVID-19"},"content":{"rendered":"\n<figure class=\"wp-block-image\"><img loading=\"lazy\" decoding=\"async\" width=\"1024\" height=\"768\" src=\"https:\/\/www.fumssar.com.br\/wp-content\/uploads\/2021\/08\/WhatsApp-Image-2021-08-31-at-17.20.43-1024x768.jpeg\" alt=\"\" class=\"wp-image-18941\" srcset=\"https:\/\/www.fumssar.com.br\/wp-content\/uploads\/2021\/08\/WhatsApp-Image-2021-08-31-at-17.20.43-1024x768.jpeg 1024w, https:\/\/www.fumssar.com.br\/wp-content\/uploads\/2021\/08\/WhatsApp-Image-2021-08-31-at-17.20.43-300x225.jpeg 300w, https:\/\/www.fumssar.com.br\/wp-content\/uploads\/2021\/08\/WhatsApp-Image-2021-08-31-at-17.20.43-768x576.jpeg 768w, https:\/\/www.fumssar.com.br\/wp-content\/uploads\/2021\/08\/WhatsApp-Image-2021-08-31-at-17.20.43.jpeg 1280w\" sizes=\"(max-width: 1024px) 100vw, 1024px\" \/><\/figure>\n\n\n\n<p>A Funda\u00e7\u00e3o Municipal de Sa\u00fade de Santa Rosa informa que ir\u00e1 realizar um mutir\u00e3o de vacina\u00e7\u00e3o contra a COVID-19, na pr\u00f3xima quinta-feira, dia 02 de setembro, das 17h30 \u00e0s 21h. O mutir\u00e3o vai ser realizado nas Unidades B\u00e1sicas de Sa\u00fade do Centro e Cruzeiro. As primeiras doses (D1), ser\u00e3o aplicadas por demanda espont\u00e2nea, ou seja, sem necessidade do agendamento pr\u00e9vio, para a popula\u00e7\u00e3o a partir de 18 anos, que ainda n\u00e3o foi vacinada.<\/p>\n\n\n\n<p>Nos demais dias e hor\u00e1rios, segue a imuniza\u00e7\u00e3o para o p\u00fablico a partir dos 18 anos, atrav\u00e9s do agendamento pr\u00e9vio, por telefone ou presencial, ou conforme o gerenciamento de cada UBS, at\u00e9 terminarem os estoques.<br><br>At\u00e9 o momento, j\u00e1 foram realizadas 83.012 vacinas. Do total, 53.053 foram de D1 (Primeira Dose), essa quantidade corresponde a 72,4% da popula\u00e7\u00e3o vacinada, 27.699 de D2 (Segunda Dose) e 2.260 de D.U (Dose \u00fanica), sendo assim temos 29.959 pessoas com a imuniza\u00e7\u00e3o completa, 40,9% dos santa-rosenses.<br><br>Os moradores de Santa Rosa que forem se vacinar precisam levar documento com foto, CPF, cart\u00e3o SUS e caderneta de vacina\u00e7\u00e3o.<\/p>\n","protected":false},"excerpt":{"rendered":"<p>A Funda\u00e7\u00e3o Municipal de Sa\u00fade de Santa Rosa informa que ir\u00e1 realizar um mutir\u00e3o de&#8230;<\/p>\n","protected":false},"author":36,"featured_media":18941,"comment_status":"closed","ping_status":"closed","sticky":false,"template":"","format":"standard","meta":{"footnotes":""},"categories":[152,2],"tags":[],"_links":{"self":[{"href":"https:\/\/www.fumssar.com.br\/index.php?rest_route=\/wp\/v2\/posts\/18940"}],"collection":[{"href":"https:\/\/www.fumssar.com.br\/index.php?rest_route=\/wp\/v2\/posts"}],"about":[{"href":"https:\/\/www.fumssar.com.br\/index.php?rest_route=\/wp\/v2\/types\/post"}],"author":[{"embeddable":true,"href":"https:\/\/www.fumssar.com.br\/index.php?rest_route=\/wp\/v2\/users\/36"}],"replies":[{"embeddable":true,"href":"https:\/\/www.fumssar.com.br\/index.php?rest_route=%2Fwp%2Fv2%2Fcomments&post=18940"}],"version-history":[{"count":1,"href":"https:\/\/www.fumssar.com.br\/index.php?rest_route=\/wp\/v2\/posts\/18940\/revisions"}],"predecessor-version":[{"id":18942,"href":"https:\/\/www.fumssar.com.br\/index.php?rest_route=\/wp\/v2\/posts\/18940\/revisions\/18942"}],"wp:featuredmedia":[{"embeddable":true,"href":"https:\/\/www.fumssar.com.br\/index.php?rest_route=\/wp\/v2\/media\/18941"}],"wp:attachment":[{"href":"https:\/\/www.fumssar.com.br\/index.php?rest_route=%2Fwp%2Fv2%2Fmedia&parent=18940"}],"wp:term":[{"taxonomy":"category","embeddable":true,"href":"https:\/\/www.fumssar.com.br\/index.php?rest_route=%2Fwp%2Fv2%2Fcategories&post=18940"},{"taxonomy":"post_tag","embeddable":true,"href":"https:\/\/www.fumssar.com.br\/index.php?rest_route=%2Fwp%2Fv2%2Ftags&post=18940"}],"curies":[{"name":"wp","href":"https:\/\/api.w.org\/{rel}","templated":true}]}}