{"id":18928,"date":"2021-08-30T17:30:57","date_gmt":"2021-08-30T20:30:57","guid":{"rendered":"http:\/\/www.fumssar.com.br\/?p=18928"},"modified":"2024-10-07T16:34:06","modified_gmt":"2024-10-07T19:34:06","slug":"fumssar-realiza-mais-de-25-mil-horas-de-treinamento-atraves-do-nep","status":"publish","type":"post","link":"https:\/\/www.fumssar.com.br\/?p=18928","title":{"rendered":"FUMSSAR realiza mais de 25 mil horas de treinamento atrav\u00e9s do NEP"},"content":{"rendered":"\n<figure class=\"wp-block-image\"><img loading=\"lazy\" decoding=\"async\" width=\"1024\" height=\"766\" src=\"https:\/\/www.fumssar.com.br\/wp-content\/uploads\/2021\/08\/WhatsApp-Image-2021-08-30-at-14.30.25-1024x766.jpeg\" alt=\"\" class=\"wp-image-18929\" srcset=\"https:\/\/www.fumssar.com.br\/wp-content\/uploads\/2021\/08\/WhatsApp-Image-2021-08-30-at-14.30.25-1024x766.jpeg 1024w, https:\/\/www.fumssar.com.br\/wp-content\/uploads\/2021\/08\/WhatsApp-Image-2021-08-30-at-14.30.25-300x225.jpeg 300w, https:\/\/www.fumssar.com.br\/wp-content\/uploads\/2021\/08\/WhatsApp-Image-2021-08-30-at-14.30.25-768x575.jpeg 768w, https:\/\/www.fumssar.com.br\/wp-content\/uploads\/2021\/08\/WhatsApp-Image-2021-08-30-at-14.30.25.jpeg 1280w\" sizes=\"(max-width: 1024px) 100vw, 1024px\" \/><\/figure>\n\n\n\n<p>A Funda\u00e7\u00e3o Municipal de Sa\u00fade realizou em 2021, mais de 25 mil horas de capacita\u00e7\u00e3o com profissionais de sa\u00fade. Os treinamentos foram realizados atrav\u00e9s do N\u00facleo de Ensino e Pesquisa. O NEP foi criado para planejar, organizar, apoiar e congregar as discuss\u00f5es e as a\u00e7\u00f5es de Ensino e Pesquisa. Ao longo do ano, aconteceram diversas atividades com os profissionais de sa\u00fade, como: treinamentos de sala de vacinas, de sa\u00fade mental, de lideran\u00e7a, de enfrentamento a pandemia da COVID-19, de gest\u00e3o e de processos de trabalho.<\/p>\n\n\n\n<p><br> O objetivo \u00e9 aprimorar a atua\u00e7\u00e3o dos profissionais de sa\u00fade em a\u00e7\u00f5es de aten\u00e7\u00e3o, vigil\u00e2ncia, preven\u00e7\u00e3o e promo\u00e7\u00e3o da sa\u00fade. A prioridade \u00e9 a busca e transmiss\u00e3o de conhecimento na \u00e1rea de ci\u00eancias da sa\u00fade socialmente \u00fatil, adequado para as necessidades da nossa comunidade e apropriado \u00e0 realidade que est\u00e3o inseridos. Para a coordenadora do NEP, a psic\u00f3loga Fl\u00e1via Albuquerque, os treinamentos realizados permitem uma reflex\u00e3o sobre as tem\u00e1ticas da sa\u00fade e dos processos de trabalho, em benef\u00edcio para as pr\u00e1ticas de sa\u00fade, \u201cPriorizamos as atividades multidisciplinares e a solu\u00e7\u00e3o dos problemas reais da popula\u00e7\u00e3o, sempre focando no aperfei\u00e7oamento das compet\u00eancias dos profissionais de sa\u00fade da FUMSSAR, nas suas \u00e1reas de atua\u00e7\u00e3o\u201d.<br>     <br>As atividades s\u00e3o desenvolvidas por trabalhadores em sa\u00fade, no \u00e2mbito do Sistema \u00danico de Sa\u00fade, no munic\u00edpio de Santa Rosa que atua em parceria com entidades educacionais e formadoras do SUS, uma delas \u00e9 a FEMA &#8211; Funda\u00e7\u00e3o Educacional Machado de Assis, onde acontecem atividades de educa\u00e7\u00e3o e capacita\u00e7\u00e3o. O N\u00facleo de Ensino e Pesquisa desenvolve a\u00e7\u00f5es na \u00e1rea da pesquisa e ensino sendo refer\u00eancia para organiza\u00e7\u00e3o da Resid\u00eancia M\u00e9dica, Resid\u00eancia Multiprofissional e para as Pesquisas em Sa\u00fade j\u00e1 financiadas pela Sa\u00fade de Santa Rosa.<\/p>\n","protected":false},"excerpt":{"rendered":"<p>A Funda\u00e7\u00e3o Municipal de Sa\u00fade realizou em 2021, mais de 25 mil horas de capacita\u00e7\u00e3o&#8230;<\/p>\n","protected":false},"author":36,"featured_media":18929,"comment_status":"closed","ping_status":"closed","sticky":false,"template":"","format":"standard","meta":{"footnotes":""},"categories":[2],"tags":[],"_links":{"self":[{"href":"https:\/\/www.fumssar.com.br\/index.php?rest_route=\/wp\/v2\/posts\/18928"}],"collection":[{"href":"https:\/\/www.fumssar.com.br\/index.php?rest_route=\/wp\/v2\/posts"}],"about":[{"href":"https:\/\/www.fumssar.com.br\/index.php?rest_route=\/wp\/v2\/types\/post"}],"author":[{"embeddable":true,"href":"https:\/\/www.fumssar.com.br\/index.php?rest_route=\/wp\/v2\/users\/36"}],"replies":[{"embeddable":true,"href":"https:\/\/www.fumssar.com.br\/index.php?rest_route=%2Fwp%2Fv2%2Fcomments&post=18928"}],"version-history":[{"count":2,"href":"https:\/\/www.fumssar.com.br\/index.php?rest_route=\/wp\/v2\/posts\/18928\/revisions"}],"predecessor-version":[{"id":18946,"href":"https:\/\/www.fumssar.com.br\/index.php?rest_route=\/wp\/v2\/posts\/18928\/revisions\/18946"}],"wp:featuredmedia":[{"embeddable":true,"href":"https:\/\/www.fumssar.com.br\/index.php?rest_route=\/wp\/v2\/media\/18929"}],"wp:attachment":[{"href":"https:\/\/www.fumssar.com.br\/index.php?rest_route=%2Fwp%2Fv2%2Fmedia&parent=18928"}],"wp:term":[{"taxonomy":"category","embeddable":true,"href":"https:\/\/www.fumssar.com.br\/index.php?rest_route=%2Fwp%2Fv2%2Fcategories&post=18928"},{"taxonomy":"post_tag","embeddable":true,"href":"https:\/\/www.fumssar.com.br\/index.php?rest_route=%2Fwp%2Fv2%2Ftags&post=18928"}],"curies":[{"name":"wp","href":"https:\/\/api.w.org\/{rel}","templated":true}]}}