{"id":1890,"date":"2014-06-12T17:22:40","date_gmt":"2014-06-12T17:22:40","guid":{"rendered":"http:\/\/www.fumssar.com.br\/?p=1890"},"modified":"2024-10-07T16:36:19","modified_gmt":"2024-10-07T19:36:19","slug":"caps-novo-rumo-realizou-festival-da-cancao","status":"publish","type":"post","link":"https:\/\/www.fumssar.com.br\/?p=1890","title":{"rendered":"CAPS Novo Rumo realizou Festival da Can\u00e7\u00e3o"},"content":{"rendered":"<p><a href=\"http:\/\/www.fumssar.com.br\/wp-content\/uploads\/2014\/06\/festival.jpg\"><img loading=\"lazy\" decoding=\"async\" src=\"http:\/\/www.fumssar.com.br\/wp-content\/uploads\/2014\/06\/festival-300x225.jpg\" alt=\"festival\" width=\"300\" height=\"225\" class=\"alignnone size-medium wp-image-1894\" srcset=\"https:\/\/www.fumssar.com.br\/wp-content\/uploads\/2014\/06\/festival-300x225.jpg 300w, https:\/\/www.fumssar.com.br\/wp-content\/uploads\/2014\/06\/festival.jpg 640w\" sizes=\"(max-width: 300px) 100vw, 300px\" \/><\/a>A  Funda\u00e7\u00e3o Municipal de Sa\u00fade Atrav\u00e9s do  Centro de Atendimento Psicossocial Novo Rumo  realizou o \u201c 4\u00ba Festival da Can\u00e7\u00e3o Anacleto Antunes Ribeiro\u201d na semana passada no Audit\u00f3rio da FUMSSAR.O evento que j\u00e1 est\u00e1 em sua 4\u00aa edi\u00e7\u00e3o permitiu aos participantes a demonstra\u00e7\u00e3o de talentos bem como uma descontra\u00e7\u00e3o e um envolvimento mutuo entre os participantes, que fizeram suas apresenta\u00e7\u00f5es no Festival para uma plateia que tamb\u00e9m era composta por familiares dos participantes.  Segundo a Coordenadora do CAPS Mar\u00edlia Busanelo Wilges   o trabalho de canto serve para encantar  e como forma de encontro, pois s\u00e3o realizadas tardes de ensaio  aproximando a todos  traduzindo suas emo\u00e7\u00f5es. Mar\u00edlia ressalta ainda que nome do Festival \u00e9 uma homenagem a um grande amigo e companheiro do CAPS e que foi tamb\u00e9m um grande artista.<br \/>\nA equipe organizadora comemorou  a realiza\u00e7\u00e3o do evento agradecendo a Dire\u00e7\u00e3o da FUMSSAR, Resid\u00eancia Multiprofissional, fam\u00edlia, usu\u00e1rios  e demais pessoas volunt\u00e1rias  pelo empenho m\u00fatuo  na realiza\u00e7\u00e3o do Festival  que para eles \u00e9 um momento muito especial.<\/p>\n","protected":false},"excerpt":{"rendered":"<p>A Funda\u00e7\u00e3o Municipal de Sa\u00fade Atrav\u00e9s do Centro de Atendimento Psicossocial Novo Rumo realizou o&#8230;<\/p>\n","protected":false},"author":11,"featured_media":1893,"comment_status":"open","ping_status":"open","sticky":false,"template":"","format":"standard","meta":{"footnotes":""},"categories":[2],"tags":[],"_links":{"self":[{"href":"https:\/\/www.fumssar.com.br\/index.php?rest_route=\/wp\/v2\/posts\/1890"}],"collection":[{"href":"https:\/\/www.fumssar.com.br\/index.php?rest_route=\/wp\/v2\/posts"}],"about":[{"href":"https:\/\/www.fumssar.com.br\/index.php?rest_route=\/wp\/v2\/types\/post"}],"author":[{"embeddable":true,"href":"https:\/\/www.fumssar.com.br\/index.php?rest_route=\/wp\/v2\/users\/11"}],"replies":[{"embeddable":true,"href":"https:\/\/www.fumssar.com.br\/index.php?rest_route=%2Fwp%2Fv2%2Fcomments&post=1890"}],"version-history":[{"count":3,"href":"https:\/\/www.fumssar.com.br\/index.php?rest_route=\/wp\/v2\/posts\/1890\/revisions"}],"predecessor-version":[{"id":1896,"href":"https:\/\/www.fumssar.com.br\/index.php?rest_route=\/wp\/v2\/posts\/1890\/revisions\/1896"}],"wp:featuredmedia":[{"embeddable":true,"href":"https:\/\/www.fumssar.com.br\/index.php?rest_route=\/wp\/v2\/media\/1893"}],"wp:attachment":[{"href":"https:\/\/www.fumssar.com.br\/index.php?rest_route=%2Fwp%2Fv2%2Fmedia&parent=1890"}],"wp:term":[{"taxonomy":"category","embeddable":true,"href":"https:\/\/www.fumssar.com.br\/index.php?rest_route=%2Fwp%2Fv2%2Fcategories&post=1890"},{"taxonomy":"post_tag","embeddable":true,"href":"https:\/\/www.fumssar.com.br\/index.php?rest_route=%2Fwp%2Fv2%2Ftags&post=1890"}],"curies":[{"name":"wp","href":"https:\/\/api.w.org\/{rel}","templated":true}]}}