{"id":18839,"date":"2021-08-19T15:23:43","date_gmt":"2021-08-19T18:23:43","guid":{"rendered":"http:\/\/www.fumssar.com.br\/?p=18839"},"modified":"2024-10-07T16:34:06","modified_gmt":"2024-10-07T19:34:06","slug":"fumssar-cms-e-vereadores-discutem-o-plano-de-saude","status":"publish","type":"post","link":"https:\/\/www.fumssar.com.br\/?p=18839","title":{"rendered":"FUMSSAR, CMS e vereadores discutem o Plano de Sa\u00fade"},"content":{"rendered":"\n<figure class=\"wp-block-image\"><img loading=\"lazy\" decoding=\"async\" width=\"1024\" height=\"768\" src=\"https:\/\/www.fumssar.com.br\/wp-content\/uploads\/2021\/08\/WhatsApp-Image-2021-08-18-at-10.05.38-1024x768.jpeg\" alt=\"\" class=\"wp-image-18840\" srcset=\"https:\/\/www.fumssar.com.br\/wp-content\/uploads\/2021\/08\/WhatsApp-Image-2021-08-18-at-10.05.38-1024x768.jpeg 1024w, https:\/\/www.fumssar.com.br\/wp-content\/uploads\/2021\/08\/WhatsApp-Image-2021-08-18-at-10.05.38-300x225.jpeg 300w, https:\/\/www.fumssar.com.br\/wp-content\/uploads\/2021\/08\/WhatsApp-Image-2021-08-18-at-10.05.38-768x576.jpeg 768w, https:\/\/www.fumssar.com.br\/wp-content\/uploads\/2021\/08\/WhatsApp-Image-2021-08-18-at-10.05.38.jpeg 1280w\" sizes=\"(max-width: 1024px) 100vw, 1024px\" \/><\/figure>\n\n\n\n<p>Representantes da Funda\u00e7\u00e3o Municipal de Sa\u00fade de Santa Rosa e do Conselho Municipal de Sa\u00fade \u2013 CMS estiveram reunidos essa semana. Na oportunidade, foi discutido o Plano Municipal de Sa\u00fade. Este \u00e9 um documento que sistematiza o conjunto das propostas de a\u00e7\u00e3o em rela\u00e7\u00e3o aos problemas e necessidades de sa\u00fade da popula\u00e7\u00e3o do munic\u00edpio. <br><br>Estavam presentes, o Presidente da FUMSSAR, D\u00e9lcio Stefan, a Diretora da Gest\u00e3o da Aten\u00e7\u00e3o Prim\u00e1ria em Sa\u00fade, Fabiana Breitenbach, a diretoria do Conselho Municipal de Sa\u00fade, o Secret\u00e1rio de Gest\u00e3o, Ademir Rosa e vereadores. O Plano Municipal de Sa\u00fade \u00e9 um instrumento de planejamento que apresenta as inten\u00e7\u00f5es e os resultados a serem buscados no per\u00edodo de quatro anos. Nele consta: objetivos, diretrizes e metas. O presidente da FUMSSAR, D\u00e9lcio Stefan destacou a import\u00e2ncia da elabora\u00e7\u00e3o do plano, \u201c\u00c9 fundamental essa discuss\u00e3o entre a funda\u00e7\u00e3o, conselho e popula\u00e7\u00e3o para juntos alinharmos com a gest\u00e3o estrat\u00e9gica do munic\u00edpio, as melhores a\u00e7\u00f5es para a sa\u00fade de Santa Rosa, trazendo sempre transpar\u00eancia e avaliando as medidas realizadas\u201d.<br><br>Atrav\u00e9s do PMS \u00e9 poss\u00edvel reunir as condi\u00e7\u00f5es mais adequadas para cumprir o que o SUS traz como princ\u00edpios fundamentais: universalidade, integralidade e equidade.<\/p>\n","protected":false},"excerpt":{"rendered":"<p>Representantes da Funda\u00e7\u00e3o Municipal de Sa\u00fade de Santa Rosa e do Conselho Municipal de Sa\u00fade&#8230;<\/p>\n","protected":false},"author":36,"featured_media":18840,"comment_status":"closed","ping_status":"closed","sticky":false,"template":"","format":"standard","meta":{"footnotes":""},"categories":[2],"tags":[],"_links":{"self":[{"href":"https:\/\/www.fumssar.com.br\/index.php?rest_route=\/wp\/v2\/posts\/18839"}],"collection":[{"href":"https:\/\/www.fumssar.com.br\/index.php?rest_route=\/wp\/v2\/posts"}],"about":[{"href":"https:\/\/www.fumssar.com.br\/index.php?rest_route=\/wp\/v2\/types\/post"}],"author":[{"embeddable":true,"href":"https:\/\/www.fumssar.com.br\/index.php?rest_route=\/wp\/v2\/users\/36"}],"replies":[{"embeddable":true,"href":"https:\/\/www.fumssar.com.br\/index.php?rest_route=%2Fwp%2Fv2%2Fcomments&post=18839"}],"version-history":[{"count":1,"href":"https:\/\/www.fumssar.com.br\/index.php?rest_route=\/wp\/v2\/posts\/18839\/revisions"}],"predecessor-version":[{"id":18841,"href":"https:\/\/www.fumssar.com.br\/index.php?rest_route=\/wp\/v2\/posts\/18839\/revisions\/18841"}],"wp:featuredmedia":[{"embeddable":true,"href":"https:\/\/www.fumssar.com.br\/index.php?rest_route=\/wp\/v2\/media\/18840"}],"wp:attachment":[{"href":"https:\/\/www.fumssar.com.br\/index.php?rest_route=%2Fwp%2Fv2%2Fmedia&parent=18839"}],"wp:term":[{"taxonomy":"category","embeddable":true,"href":"https:\/\/www.fumssar.com.br\/index.php?rest_route=%2Fwp%2Fv2%2Fcategories&post=18839"},{"taxonomy":"post_tag","embeddable":true,"href":"https:\/\/www.fumssar.com.br\/index.php?rest_route=%2Fwp%2Fv2%2Ftags&post=18839"}],"curies":[{"name":"wp","href":"https:\/\/api.w.org\/{rel}","templated":true}]}}