{"id":18720,"date":"2021-08-09T17:27:17","date_gmt":"2021-08-09T20:27:17","guid":{"rendered":"http:\/\/www.fumssar.com.br\/?p=18720"},"modified":"2024-10-07T16:34:07","modified_gmt":"2024-10-07T19:34:07","slug":"vacinacao-contra-a-covid-19-4","status":"publish","type":"post","link":"https:\/\/www.fumssar.com.br\/?p=18720","title":{"rendered":"Vacina\u00e7\u00e3o contra a COVID-19"},"content":{"rendered":"\n<figure class=\"wp-block-image\"><img loading=\"lazy\" decoding=\"async\" width=\"868\" height=\"644\" src=\"http:\/\/www.fumssar.com.br\/wp-content\/uploads\/2021\/08\/saude-brasilia-vacina-868x644.jpg\" alt=\"\" class=\"wp-image-18721\" srcset=\"https:\/\/www.fumssar.com.br\/wp-content\/uploads\/2021\/08\/saude-brasilia-vacina-868x644.jpg 868w, https:\/\/www.fumssar.com.br\/wp-content\/uploads\/2021\/08\/saude-brasilia-vacina-868x644-300x223.jpg 300w, https:\/\/www.fumssar.com.br\/wp-content\/uploads\/2021\/08\/saude-brasilia-vacina-868x644-768x570.jpg 768w\" sizes=\"(max-width: 868px) 100vw, 868px\" \/><\/figure>\n\n\n\n<p>Santa Rosa est\u00e1 vacinando contra a COVID-19, pessoas a partir dos 30 anos. A aplica\u00e7\u00e3o das doses est\u00e1 sendo feita em todas as Unidades B\u00e1sicas de Sa\u00fade, at\u00e9 terminarem os estoques. O atendimento \u00e9 mediante agendamento pr\u00e9vio por telefone ou presencial, ou conforme o gerenciamento de cada UBS. <\/p>\n\n\n\n<p>At\u00e9 o momento, j\u00e1 foram realizadas 65.273 vacinas. Do total, 42.245 foram de D1 (Primeira Dose), essa quantidade corresponde a 57,6% da popula\u00e7\u00e3o vacinada, 20.766 de D2 (Segunda Dose) e 2.262 de D.U (Dose \u00fanica), sendo assim temos 23.028 pessoas com a imuniza\u00e7\u00e3o completa, 31,4% dos santa-rosenses. Tamb\u00e9m est\u00e3o sendo vacinadas, gestantes e pu\u00e9rperas, inclusive, gestantes adolescentes de 12 a 17 anos, essas, com o imunizante da Pfizer, o \u00fanico autorizado no Brasil para pessoas abaixo dos 18 anos. As gestantes que fizeram D1 (Dose Um) com o imunizante da AstraZeneca e ainda n\u00e3o deram \u00e0 luz aos seus beb\u00eas, podem completar seu esquema vacinal com o imunizante da Pfizer. <\/p>\n\n\n\n<p>Os moradores de Santa Rosa que forem se vacinar precisam levar documento com foto, CPF, cart\u00e3o SUS e caderneta de vacina\u00e7\u00e3o.<\/p>\n","protected":false},"excerpt":{"rendered":"<p>Santa Rosa est\u00e1 vacinando contra a COVID-19, pessoas a partir dos 30 anos. A aplica\u00e7\u00e3o&#8230;<\/p>\n","protected":false},"author":36,"featured_media":18721,"comment_status":"closed","ping_status":"closed","sticky":false,"template":"","format":"standard","meta":{"footnotes":""},"categories":[152,2],"tags":[],"_links":{"self":[{"href":"https:\/\/www.fumssar.com.br\/index.php?rest_route=\/wp\/v2\/posts\/18720"}],"collection":[{"href":"https:\/\/www.fumssar.com.br\/index.php?rest_route=\/wp\/v2\/posts"}],"about":[{"href":"https:\/\/www.fumssar.com.br\/index.php?rest_route=\/wp\/v2\/types\/post"}],"author":[{"embeddable":true,"href":"https:\/\/www.fumssar.com.br\/index.php?rest_route=\/wp\/v2\/users\/36"}],"replies":[{"embeddable":true,"href":"https:\/\/www.fumssar.com.br\/index.php?rest_route=%2Fwp%2Fv2%2Fcomments&post=18720"}],"version-history":[{"count":1,"href":"https:\/\/www.fumssar.com.br\/index.php?rest_route=\/wp\/v2\/posts\/18720\/revisions"}],"predecessor-version":[{"id":18722,"href":"https:\/\/www.fumssar.com.br\/index.php?rest_route=\/wp\/v2\/posts\/18720\/revisions\/18722"}],"wp:featuredmedia":[{"embeddable":true,"href":"https:\/\/www.fumssar.com.br\/index.php?rest_route=\/wp\/v2\/media\/18721"}],"wp:attachment":[{"href":"https:\/\/www.fumssar.com.br\/index.php?rest_route=%2Fwp%2Fv2%2Fmedia&parent=18720"}],"wp:term":[{"taxonomy":"category","embeddable":true,"href":"https:\/\/www.fumssar.com.br\/index.php?rest_route=%2Fwp%2Fv2%2Fcategories&post=18720"},{"taxonomy":"post_tag","embeddable":true,"href":"https:\/\/www.fumssar.com.br\/index.php?rest_route=%2Fwp%2Fv2%2Ftags&post=18720"}],"curies":[{"name":"wp","href":"https:\/\/api.w.org\/{rel}","templated":true}]}}