{"id":1871,"date":"2014-06-11T17:01:14","date_gmt":"2014-06-11T17:01:14","guid":{"rendered":"http:\/\/www.fumssar.com.br\/?p=1871"},"modified":"2024-10-07T16:36:19","modified_gmt":"2024-10-07T19:36:19","slug":"unidade-de-saude-da-planalto-tambem-trocara-de-endereco","status":"publish","type":"post","link":"https:\/\/www.fumssar.com.br\/?p=1871","title":{"rendered":"Unidade de Sa\u00fade da Planalto tamb\u00e9m trocar\u00e1 de endere\u00e7o"},"content":{"rendered":"<p>Ap\u00f3s as mudan\u00e7as de endere\u00e7os das Unidades de Sa\u00fade do Centro e da Pereira a partir da pr\u00f3xima segunda-feira (16) a Unidade B\u00e1sica de Sa\u00fade da Fam\u00edlia do Bairro Planalto estar\u00e1 atendendo em novo endere\u00e7o. A unidade estar\u00e1 se mudando para a Rua Chile n\u00ba 924 nas proximidades do atual endere\u00e7o. O im\u00f3vel da Unidade tamb\u00e9m passar\u00e1 por reformas e amplia\u00e7\u00e3o e estar\u00e1 fechado para mudan\u00e7a a partir da quarta-feira (11) retornando as atividades no novo endere\u00e7o. A empresa JDZ de Santa Rosa venceu a licita\u00e7\u00e3o para a execu\u00e7\u00e3o das obras. Segundo o Diretor da Gest\u00e3o Administrativa da Funda\u00e7\u00e3o Municipal de Sa\u00fade Aldair Melchior   ser\u00e3o investidos cerca de R$ 270 mil  possibilitando  melhorar a  qualifica\u00e7\u00e3o dos servi\u00e7os  proporcionando mais conforto aos usu\u00e1rios.<\/p>\n","protected":false},"excerpt":{"rendered":"<p>Ap\u00f3s as mudan\u00e7as de endere\u00e7os das Unidades de Sa\u00fade do Centro e da Pereira a&#8230;<\/p>\n","protected":false},"author":11,"featured_media":1872,"comment_status":"open","ping_status":"open","sticky":false,"template":"","format":"standard","meta":{"footnotes":""},"categories":[2],"tags":[],"_links":{"self":[{"href":"https:\/\/www.fumssar.com.br\/index.php?rest_route=\/wp\/v2\/posts\/1871"}],"collection":[{"href":"https:\/\/www.fumssar.com.br\/index.php?rest_route=\/wp\/v2\/posts"}],"about":[{"href":"https:\/\/www.fumssar.com.br\/index.php?rest_route=\/wp\/v2\/types\/post"}],"author":[{"embeddable":true,"href":"https:\/\/www.fumssar.com.br\/index.php?rest_route=\/wp\/v2\/users\/11"}],"replies":[{"embeddable":true,"href":"https:\/\/www.fumssar.com.br\/index.php?rest_route=%2Fwp%2Fv2%2Fcomments&post=1871"}],"version-history":[{"count":1,"href":"https:\/\/www.fumssar.com.br\/index.php?rest_route=\/wp\/v2\/posts\/1871\/revisions"}],"predecessor-version":[{"id":1873,"href":"https:\/\/www.fumssar.com.br\/index.php?rest_route=\/wp\/v2\/posts\/1871\/revisions\/1873"}],"wp:featuredmedia":[{"embeddable":true,"href":"https:\/\/www.fumssar.com.br\/index.php?rest_route=\/wp\/v2\/media\/1872"}],"wp:attachment":[{"href":"https:\/\/www.fumssar.com.br\/index.php?rest_route=%2Fwp%2Fv2%2Fmedia&parent=1871"}],"wp:term":[{"taxonomy":"category","embeddable":true,"href":"https:\/\/www.fumssar.com.br\/index.php?rest_route=%2Fwp%2Fv2%2Fcategories&post=1871"},{"taxonomy":"post_tag","embeddable":true,"href":"https:\/\/www.fumssar.com.br\/index.php?rest_route=%2Fwp%2Fv2%2Ftags&post=1871"}],"curies":[{"name":"wp","href":"https:\/\/api.w.org\/{rel}","templated":true}]}}