{"id":18620,"date":"2021-08-06T17:04:27","date_gmt":"2021-08-06T20:04:27","guid":{"rendered":"http:\/\/www.fumssar.com.br\/?p=18620"},"modified":"2024-10-07T16:34:07","modified_gmt":"2024-10-07T19:34:07","slug":"vacinacao-avanca-para-pessoas-a-partir-dos-30-anos","status":"publish","type":"post","link":"https:\/\/www.fumssar.com.br\/?p=18620","title":{"rendered":"Vacina\u00e7\u00e3o avan\u00e7a para pessoas a partir dos 30 anos"},"content":{"rendered":"\n<figure class=\"wp-block-image\"><img loading=\"lazy\" decoding=\"async\" width=\"1024\" height=\"768\" src=\"https:\/\/www.fumssar.com.br\/wp-content\/uploads\/2021\/08\/WhatsApp-Image-2021-07-26-at-14.29.55-1024x768.jpeg\" alt=\"\" class=\"wp-image-18621\" srcset=\"https:\/\/www.fumssar.com.br\/wp-content\/uploads\/2021\/08\/WhatsApp-Image-2021-07-26-at-14.29.55-1024x768.jpeg 1024w, https:\/\/www.fumssar.com.br\/wp-content\/uploads\/2021\/08\/WhatsApp-Image-2021-07-26-at-14.29.55-300x225.jpeg 300w, https:\/\/www.fumssar.com.br\/wp-content\/uploads\/2021\/08\/WhatsApp-Image-2021-07-26-at-14.29.55-768x576.jpeg 768w, https:\/\/www.fumssar.com.br\/wp-content\/uploads\/2021\/08\/WhatsApp-Image-2021-07-26-at-14.29.55.jpeg 1280w\" sizes=\"(max-width: 1024px) 100vw, 1024px\" \/><\/figure>\n\n\n\n<p>Est\u00e1 previsto para \u00e0 noite desta sexta-feira(06), a chegada de novas doses da vacina contra a COVID-19. A partir de segunda-feira(09) \u00e0s 13h30, ser\u00e3o vacinadas pessoas a partir dos 30 anos.<br><br>A aplica\u00e7\u00e3o das doses ser\u00e1 feita em todas as Unidades B\u00e1sicas de Sa\u00fade at\u00e9 terminarem os estoques. O atendimento ser\u00e1 mediante agendamento pr\u00e9vio por telefone ou presencial, ou conforme o gerenciamento de cada UBS.<br>Os moradores de Santa Rosa que forem se vacinar precisam levar documento com foto, CPF, cart\u00e3o SUS e caderneta de vacina\u00e7\u00e3o. <br><br>Santa Rosa j\u00e1 aplicou at\u00e9 o momento, 64.765 doses. Do total, 41.939 foram de D1 (Dose Um), essa quantidade corresponde a 57,2% da popula\u00e7\u00e3o vacinada, 20.564 de D2 (Dose Dois) e 2.262 de D.U (Dose \u00fanica), sendo assim temos 22.826 pessoas com a imuniza\u00e7\u00e3o completa, 31,1% dos santa-rosenses.<\/p>\n","protected":false},"excerpt":{"rendered":"<p>Est\u00e1 previsto para \u00e0 noite desta sexta-feira(06), a chegada de novas doses da vacina contra&#8230;<\/p>\n","protected":false},"author":36,"featured_media":18621,"comment_status":"closed","ping_status":"closed","sticky":false,"template":"","format":"standard","meta":{"footnotes":""},"categories":[152,2],"tags":[],"_links":{"self":[{"href":"https:\/\/www.fumssar.com.br\/index.php?rest_route=\/wp\/v2\/posts\/18620"}],"collection":[{"href":"https:\/\/www.fumssar.com.br\/index.php?rest_route=\/wp\/v2\/posts"}],"about":[{"href":"https:\/\/www.fumssar.com.br\/index.php?rest_route=\/wp\/v2\/types\/post"}],"author":[{"embeddable":true,"href":"https:\/\/www.fumssar.com.br\/index.php?rest_route=\/wp\/v2\/users\/36"}],"replies":[{"embeddable":true,"href":"https:\/\/www.fumssar.com.br\/index.php?rest_route=%2Fwp%2Fv2%2Fcomments&post=18620"}],"version-history":[{"count":1,"href":"https:\/\/www.fumssar.com.br\/index.php?rest_route=\/wp\/v2\/posts\/18620\/revisions"}],"predecessor-version":[{"id":18622,"href":"https:\/\/www.fumssar.com.br\/index.php?rest_route=\/wp\/v2\/posts\/18620\/revisions\/18622"}],"wp:featuredmedia":[{"embeddable":true,"href":"https:\/\/www.fumssar.com.br\/index.php?rest_route=\/wp\/v2\/media\/18621"}],"wp:attachment":[{"href":"https:\/\/www.fumssar.com.br\/index.php?rest_route=%2Fwp%2Fv2%2Fmedia&parent=18620"}],"wp:term":[{"taxonomy":"category","embeddable":true,"href":"https:\/\/www.fumssar.com.br\/index.php?rest_route=%2Fwp%2Fv2%2Fcategories&post=18620"},{"taxonomy":"post_tag","embeddable":true,"href":"https:\/\/www.fumssar.com.br\/index.php?rest_route=%2Fwp%2Fv2%2Ftags&post=18620"}],"curies":[{"name":"wp","href":"https:\/\/api.w.org\/{rel}","templated":true}]}}